{"id":885,"date":"2021-12-27T12:36:00","date_gmt":"2021-12-27T11:36:00","guid":{"rendered":"http:\/\/leblog.prismemploi.eu\/?p=885"},"modified":"2022-01-20T16:50:55","modified_gmt":"2022-01-20T15:50:55","slug":"le-cdi-interimaire","status":"publish","type":"post","link":"https:\/\/leblog.prismemploi.eu\/index.php\/2021\/12\/27\/le-cdi-interimaire\/","title":{"rendered":"Le CDI int\u00e9rimaire"},"content":{"rendered":"\n<h2 class=\"wp-block-heading\">Le CDII, une innovation sociale garante de s\u00e9curisation pour les salari\u00e9s et de flexibilit\u00e9 pour les entreprises<\/h2>\n\n\n\n<p>Imagin\u00e9 par les partenaires sociaux de la branche en 2014, le Contrat \u00e0 Dur\u00e9e Ind\u00e9termin\u00e9e Int\u00e9rimaire, introduit dans le code du travail en septembre 2018, constitue une innovation sociale majeure qui a su se d\u00e9velopper et r\u00e9sister \u00e0 la crise sanitaire et \u00e9conomique\u202f!<\/p>\n\n\n\n<p><br>En effet, avec pr\u00e8s de 50 000 CDII en emploi, soit 7% des effectifs des agences d\u2019emploi, cette forme d\u2019emploi s\u2019est impos\u00e9e en quelques ann\u00e9es comme une solution r\u00e9pondant \u00e0 la fois au besoin de flexibilit\u00e9 des entreprises et aux aspirations de s\u00e9curisation des salari\u00e9s. Et la mobilisation de l\u2019activit\u00e9 partielle, au plus fort de la crise sanitaire, a efficacement soutenu cette forme d\u2019emploi confront\u00e9e \u00e0 sa premi\u00e8re tourmente.<\/p>\n\n\n\n<p><br>Gr\u00e2ce \u00e0 ce dispositif, l\u2019entreprise de travail temporaire d\u00e9l\u00e8gue un salari\u00e9 int\u00e9rimaire qu\u2019elle emploie en CDI, aupr\u00e8s d&rsquo;une ou de plusieurs entreprise(s) tierce(s). Le salari\u00e9 b\u00e9n\u00e9ficie des avantages du CDI tout en gardant la diversit\u00e9 des exp\u00e9riences professionnelles de l\u2019int\u00e9rim. En \u00e9vitant les allers retours mission-ch\u00f4mage de ces salari\u00e9s, les agences d\u2019emploi contribuent \u00e0 contenir le ch\u00f4mage et se substituent en quelque sorte \u00e0 P\u00f4le emploi, dans la mesure o\u00f9 elles assurent des revenus aux salari\u00e9s durant les p\u00e9riodes d\u2019intermission.<\/p>\n\n\n\n<h2 class=\"wp-block-heading\"><br>Un statut r\u00e9pondant au besoin de s\u00e9curisation\u202fdes int\u00e9rimaires<\/h2>\n\n\n\n<p><br>Au d\u00e9part envisag\u00e9 pour r\u00e9pondre aux attentes des int\u00e9rimaires exp\u00e9riment\u00e9s qui par choix\u202fs\u2019orientent vers l\u2019int\u00e9rim, ce dispositif s\u2019av\u00e8re dans les faits rencontrer du succ\u00e8s aupr\u00e8s des jeunes en d\u00e9but de carri\u00e8re professionnelle \u00e0 la recherche d\u2019un statut protecteur. Il a m\u00eame pu \u00eatre mobilis\u00e9 avec succ\u00e8s pour l\u2019insertion de jeunes en difficult\u00e9s suivis dans le cadre de la Garantie Jeunes.<br>Les moins de 30 ans repr\u00e9sentent 45% des b\u00e9n\u00e9ficiaires de ce contrat et pour les 18-30 ans, le CDII constitue pour 70% d\u2019entre eux, du premier CDI de leur carri\u00e8re.<br>Les qualifications des CDII se concentrent \u00e0 48%, sur des postes d\u2019ouvriers non qualifi\u00e9s (soit 11 points de plus que pour l\u2019int\u00e9rim classique), puis sur des fonctions d\u2019ouvriers qualifi\u00e9s (\u00e0 32% contre 40% pour les contrats de travail temporaire) et d\u2019employ\u00e9s (\u00e0 14% contre 13% pour les contrats de travail temporaire). Les cadres et professions interm\u00e9diaires repr\u00e9sentent 6% des effectifs en CDII (10% pour les salari\u00e9s int\u00e9rimaires).<\/p>\n\n\n\n<figure class=\"wp-block-image size-full is-resized\"><img loading=\"lazy\" decoding=\"async\" src=\"https:\/\/leblog.prismemploi.eu\/wp-content\/uploads\/2021\/12\/Tableau1.png\" alt=\"\" class=\"wp-image-887\" width=\"454\" height=\"239\"\/><\/figure>\n\n\n\n<p>Les jeunes en CDII ont l\u2019opportunit\u00e9 de multiplier les exp\u00e9riences leur ouvrant diff\u00e9rents horizons professionnels, tout en \u00e9vitant le risque du ch\u00f4mage pendant cette p\u00e9riode d\u2019insertion dans la vie active.<\/p>\n\n\n\n<p><br>Les p\u00e9riodes d\u2019intermission sont mises \u00e0 profit pour que les salari\u00e9s int\u00e9rimaires en CDII b\u00e9n\u00e9ficient de formations afin d\u2019am\u00e9liorer leur employabilit\u00e9. Le dispositif \u00e9labor\u00e9 par les partenaires sociaux de la branche a institu\u00e9 un investissement suppl\u00e9mentaire de 10% de la masse salariale en formation afin d\u2019orienter les salari\u00e9s vers les m\u00e9tiers porteurs.<\/p>\n\n\n\n<h2 class=\"wp-block-heading\"><br>Un dispositif pl\u00e9biscit\u00e9 par les salari\u00e9s b\u00e9n\u00e9ficiaires<\/h2>\n\n\n\n<p><br>L\u2019int\u00e9r\u00eat de ce contrat est confirm\u00e9 par les enqu\u00eates men\u00e9es aupr\u00e8s des int\u00e9ress\u00e9s\u202f: 79% des 1 500 int\u00e9rimaires interrog\u00e9s se d\u00e9clarent satisfaits du dispositif, 71% envisagent d\u2019y rester dans les prochains mois et trois quarts d\u2019entre eux le conseilleraient \u00e0 un proche. Les personnes en CDII optent majoritairement pour cette formule pour garantir leur revenu (27%), pour l\u2019aspect symbolique du CDI dans 25% des cas et pour faciliter des projets personnels (pr\u00eats, logements\u2026) pour 24% d\u2019entre eux. Sur un plan pratique, la garantie d\u2019un CDI constitue pour le salari\u00e9 un facteur favorisant l\u2019acc\u00e8s au logement et au cr\u00e9dit bancaire. A ce titre, le CDII facilite les d\u00e9marches quotidiennes des salari\u00e9s.<\/p>\n\n\n\n<p><br>L\u2019\u00e9tude confirme le r\u00f4le du CDII comme voie d\u2019acc\u00e8s \u00e0 l\u2019emploi durable, en particulier pour les plus jeunes, qui constituent justement la cat\u00e9gorie rencontrant le plus de difficult\u00e9s \u00e0 obtenir un CDI. Pour 71 % des 18\/30 ans, il s\u2019agit du premier CDI de leur carri\u00e8re (37% des 31\/39 ans et 23% des plus 40 ans). Cet acc\u00e8s \u00e0 l\u2019emploi durable se consolide par la suite, puisque, toutes formes de ruptures confondues, 63 % des fins de CDII sont imm\u00e9diatement suivies d\u2019un autre CDI, 52 % dans l\u2019entreprise utilisatrice et 11% dans une autre entreprise.<\/p>\n\n\n\n<h2 class=\"wp-block-heading\"><br>Un contrat reconnu par les pouvoirs publics comme une alternative au d\u00e9veloppement des contrats courts<\/h2>\n\n\n\n<p><br>Le CDII figure en bonne place dans les outils \u00e0 la disposition des entreprises pour r\u00e9duire le recours au contrats courts, pr\u00e9sent\u00e9s sur le site du minist\u00e8re du travail. En effet, les fins de mission d\u2019int\u00e9rim d\u2019un salari\u00e9 employ\u00e9 en CDI int\u00e9rimaire ne sont pas imput\u00e9es \u00e0 l\u2019entreprise utilisatrice pour le calcul de son taux de contribution modul\u00e9. Par cons\u00e9quent, le recours au CDI int\u00e9rimaire constitue un moyen \u00e0 la fois efficace et socialement responsable pour r\u00e9duire les fins de contrat pouvant donner lieu \u00e0 inscription \u00e0 P\u00f4le emploi et ainsi diminuer le taux de s\u00e9paration de l\u2019entreprise, duquel d\u00e9pend le calcul du bonus ou du malus.<\/p>\n","protected":false},"excerpt":{"rendered":"<p>Le CDII, une innovation sociale garante de s\u00e9curisation pour les salari\u00e9s et de flexibilit\u00e9 pour les entreprises Imagin\u00e9 par les partenaires sociaux de la branche en 2014, le Contrat \u00e0 Dur\u00e9e Ind\u00e9termin\u00e9e Int\u00e9rimaire, introduit dans le code du travail en septembre 2018, constitue une innovation sociale majeure qui a su se d\u00e9velopper et r\u00e9sister \u00e0 [&hellip;]<\/p>\n","protected":false},"author":8,"featured_media":886,"comment_status":"open","ping_status":"open","sticky":false,"template":"","format":"standard","meta":{"footnotes":""},"categories":[23],"tags":[53],"class_list":{"0":"post-885","1":"post","2":"type-post","3":"status-publish","4":"format-standard","5":"has-post-thumbnail","7":"category-soutenir-lactivite","8":"tag-decryptage"},"yoast_head":"<!-- This site is optimized with the Yoast SEO plugin v27.1.1 - https:\/\/yoast.com\/product\/yoast-seo-wordpress\/ -->\n<title>Le CDI int\u00e9rimaire - leBlog Prism&#039;emploi<\/title>\n<meta name=\"description\" content=\"Le CDII, une innovation sociale garante de s\u00e9curisation pour les salari\u00e9s et de flexibilit\u00e9 pour les entreprises.\" \/>\n<meta name=\"robots\" content=\"index, follow, max-snippet:-1, max-image-preview:large, max-video-preview:-1\" \/>\n<link rel=\"canonical\" href=\"https:\/\/leblog.prismemploi.eu\/index.php\/2021\/12\/27\/le-cdi-interimaire\/\" \/>\n<meta property=\"og:locale\" content=\"fr_FR\" \/>\n<meta property=\"og:type\" content=\"article\" \/>\n<meta property=\"og:title\" content=\"Le CDI int\u00e9rimaire - leBlog Prism&#039;emploi\" \/>\n<meta property=\"og:description\" content=\"Le CDII, une innovation sociale garante de s\u00e9curisation pour les salari\u00e9s et de flexibilit\u00e9 pour les entreprises.\" \/>\n<meta property=\"og:url\" content=\"https:\/\/leblog.prismemploi.eu\/index.php\/2021\/12\/27\/le-cdi-interimaire\/\" \/>\n<meta property=\"og:site_name\" content=\"leBlog Prism&#039;emploi\" \/>\n<meta property=\"article:published_time\" content=\"2021-12-27T11:36:00+00:00\" \/>\n<meta property=\"article:modified_time\" content=\"2022-01-20T15:50:55+00:00\" \/>\n<meta property=\"og:image\" content=\"https:\/\/leblog.prismemploi.eu\/wp-content\/uploads\/2021\/12\/iStock-480266974.jpg\" \/>\n\t<meta property=\"og:image:width\" content=\"1254\" \/>\n\t<meta property=\"og:image:height\" content=\"837\" \/>\n\t<meta property=\"og:image:type\" content=\"image\/jpeg\" \/>\n<meta name=\"author\" content=\"S\u00e9bastien Archi\" \/>\n<meta name=\"twitter:card\" content=\"summary_large_image\" \/>\n<meta name=\"twitter:label1\" content=\"\u00c9crit par\" \/>\n\t<meta name=\"twitter:data1\" content=\"S\u00e9bastien Archi\" \/>\n\t<meta name=\"twitter:label2\" content=\"Dur\u00e9e de lecture estim\u00e9e\" \/>\n\t<meta name=\"twitter:data2\" content=\"5 minutes\" \/>\n<script type=\"application\/ld+json\" class=\"yoast-schema-graph\">{\"@context\":\"https:\/\/schema.org\",\"@graph\":[{\"@type\":\"Article\",\"@id\":\"https:\/\/leblog.prismemploi.eu\/index.php\/2021\/12\/27\/le-cdi-interimaire\/#article\",\"isPartOf\":{\"@id\":\"https:\/\/leblog.prismemploi.eu\/index.php\/2021\/12\/27\/le-cdi-interimaire\/\"},\"author\":{\"name\":\"S\u00e9bastien Archi\",\"@id\":\"https:\/\/leblog.prismemploi.eu\/#\/schema\/person\/f25ae6203bba9d3454af291afdbebcbc\"},\"headline\":\"Le CDI int\u00e9rimaire\",\"datePublished\":\"2021-12-27T11:36:00+00:00\",\"dateModified\":\"2022-01-20T15:50:55+00:00\",\"mainEntityOfPage\":{\"@id\":\"https:\/\/leblog.prismemploi.eu\/index.php\/2021\/12\/27\/le-cdi-interimaire\/\"},\"wordCount\":898,\"commentCount\":0,\"publisher\":{\"@id\":\"https:\/\/leblog.prismemploi.eu\/#organization\"},\"image\":{\"@id\":\"https:\/\/leblog.prismemploi.eu\/index.php\/2021\/12\/27\/le-cdi-interimaire\/#primaryimage\"},\"thumbnailUrl\":\"https:\/\/leblog.prismemploi.eu\/wp-content\/uploads\/2021\/12\/iStock-480266974.jpg\",\"keywords\":[\"#D\u00e9cryptage\"],\"articleSection\":[\"Soutenir l'activit\u00e9\"],\"inLanguage\":\"fr-FR\",\"potentialAction\":[{\"@type\":\"CommentAction\",\"name\":\"Comment\",\"target\":[\"https:\/\/leblog.prismemploi.eu\/index.php\/2021\/12\/27\/le-cdi-interimaire\/#respond\"]}]},{\"@type\":\"WebPage\",\"@id\":\"https:\/\/leblog.prismemploi.eu\/index.php\/2021\/12\/27\/le-cdi-interimaire\/\",\"url\":\"https:\/\/leblog.prismemploi.eu\/index.php\/2021\/12\/27\/le-cdi-interimaire\/\",\"name\":\"Le CDI int\u00e9rimaire - leBlog Prism&#039;emploi\",\"isPartOf\":{\"@id\":\"https:\/\/leblog.prismemploi.eu\/#website\"},\"primaryImageOfPage\":{\"@id\":\"https:\/\/leblog.prismemploi.eu\/index.php\/2021\/12\/27\/le-cdi-interimaire\/#primaryimage\"},\"image\":{\"@id\":\"https:\/\/leblog.prismemploi.eu\/index.php\/2021\/12\/27\/le-cdi-interimaire\/#primaryimage\"},\"thumbnailUrl\":\"https:\/\/leblog.prismemploi.eu\/wp-content\/uploads\/2021\/12\/iStock-480266974.jpg\",\"datePublished\":\"2021-12-27T11:36:00+00:00\",\"dateModified\":\"2022-01-20T15:50:55+00:00\",\"description\":\"Le CDII, une innovation sociale garante de s\u00e9curisation pour les salari\u00e9s et de flexibilit\u00e9 pour les entreprises.\",\"breadcrumb\":{\"@id\":\"https:\/\/leblog.prismemploi.eu\/index.php\/2021\/12\/27\/le-cdi-interimaire\/#breadcrumb\"},\"inLanguage\":\"fr-FR\",\"potentialAction\":[{\"@type\":\"ReadAction\",\"target\":[\"https:\/\/leblog.prismemploi.eu\/index.php\/2021\/12\/27\/le-cdi-interimaire\/\"]}]},{\"@type\":\"ImageObject\",\"inLanguage\":\"fr-FR\",\"@id\":\"https:\/\/leblog.prismemploi.eu\/index.php\/2021\/12\/27\/le-cdi-interimaire\/#primaryimage\",\"url\":\"https:\/\/leblog.prismemploi.eu\/wp-content\/uploads\/2021\/12\/iStock-480266974.jpg\",\"contentUrl\":\"https:\/\/leblog.prismemploi.eu\/wp-content\/uploads\/2021\/12\/iStock-480266974.jpg\",\"width\":1254,\"height\":837},{\"@type\":\"BreadcrumbList\",\"@id\":\"https:\/\/leblog.prismemploi.eu\/index.php\/2021\/12\/27\/le-cdi-interimaire\/#breadcrumb\",\"itemListElement\":[{\"@type\":\"ListItem\",\"position\":1,\"name\":\"Accueil\",\"item\":\"https:\/\/leblog.prismemploi.eu\/\"},{\"@type\":\"ListItem\",\"position\":2,\"name\":\"Le CDI int\u00e9rimaire\"}]},{\"@type\":\"WebSite\",\"@id\":\"https:\/\/leblog.prismemploi.eu\/#website\",\"url\":\"https:\/\/leblog.prismemploi.eu\/\",\"name\":\"leBlog Prism'emploi\",\"description\":\"Innovons pour l&#039;emploi\",\"publisher\":{\"@id\":\"https:\/\/leblog.prismemploi.eu\/#organization\"},\"potentialAction\":[{\"@type\":\"SearchAction\",\"target\":{\"@type\":\"EntryPoint\",\"urlTemplate\":\"https:\/\/leblog.prismemploi.eu\/?s={search_term_string}\"},\"query-input\":{\"@type\":\"PropertyValueSpecification\",\"valueRequired\":true,\"valueName\":\"search_term_string\"}}],\"inLanguage\":\"fr-FR\"},{\"@type\":\"Organization\",\"@id\":\"https:\/\/leblog.prismemploi.eu\/#organization\",\"name\":\"leBlog Prism'emploi\",\"url\":\"https:\/\/leblog.prismemploi.eu\/\",\"logo\":{\"@type\":\"ImageObject\",\"inLanguage\":\"fr-FR\",\"@id\":\"https:\/\/leblog.prismemploi.eu\/#\/schema\/logo\/image\/\",\"url\":\"https:\/\/leblog.prismemploi.eu\/wp-content\/uploads\/2021\/07\/logo_carre.png\",\"contentUrl\":\"https:\/\/leblog.prismemploi.eu\/wp-content\/uploads\/2021\/07\/logo_carre.png\",\"width\":512,\"height\":512,\"caption\":\"leBlog Prism'emploi\"},\"image\":{\"@id\":\"https:\/\/leblog.prismemploi.eu\/#\/schema\/logo\/image\/\"}},{\"@type\":\"Person\",\"@id\":\"https:\/\/leblog.prismemploi.eu\/#\/schema\/person\/f25ae6203bba9d3454af291afdbebcbc\",\"name\":\"S\u00e9bastien Archi\",\"image\":{\"@type\":\"ImageObject\",\"inLanguage\":\"fr-FR\",\"@id\":\"https:\/\/leblog.prismemploi.eu\/#\/schema\/person\/image\/\",\"url\":\"https:\/\/leblog.prismemploi.eu\/wp-content\/uploads\/2022\/01\/Sebastien-ARCHI-96x96.jpg\",\"contentUrl\":\"https:\/\/leblog.prismemploi.eu\/wp-content\/uploads\/2022\/01\/Sebastien-ARCHI-96x96.jpg\",\"caption\":\"S\u00e9bastien Archi\"},\"description\":\"S\u00e9bastien Archi est Directeur des affaires \u00e9conomiques chez Prism'emploi.\",\"url\":\"https:\/\/leblog.prismemploi.eu\/index.php\/author\/sebastien-archi\/\"}]}<\/script>\n<!-- \/ Yoast SEO plugin. -->","yoast_head_json":{"title":"Le CDI int\u00e9rimaire - leBlog Prism&#039;emploi","description":"Le CDII, une innovation sociale garante de s\u00e9curisation pour les salari\u00e9s et de flexibilit\u00e9 pour les entreprises.","robots":{"index":"index","follow":"follow","max-snippet":"max-snippet:-1","max-image-preview":"max-image-preview:large","max-video-preview":"max-video-preview:-1"},"canonical":"https:\/\/leblog.prismemploi.eu\/index.php\/2021\/12\/27\/le-cdi-interimaire\/","og_locale":"fr_FR","og_type":"article","og_title":"Le CDI int\u00e9rimaire - leBlog Prism&#039;emploi","og_description":"Le CDII, une innovation sociale garante de s\u00e9curisation pour les salari\u00e9s et de flexibilit\u00e9 pour les entreprises.","og_url":"https:\/\/leblog.prismemploi.eu\/index.php\/2021\/12\/27\/le-cdi-interimaire\/","og_site_name":"leBlog Prism&#039;emploi","article_published_time":"2021-12-27T11:36:00+00:00","article_modified_time":"2022-01-20T15:50:55+00:00","og_image":[{"width":1254,"height":837,"url":"https:\/\/leblog.prismemploi.eu\/wp-content\/uploads\/2021\/12\/iStock-480266974.jpg","type":"image\/jpeg"}],"author":"S\u00e9bastien Archi","twitter_card":"summary_large_image","twitter_misc":{"\u00c9crit par":"S\u00e9bastien Archi","Dur\u00e9e de lecture estim\u00e9e":"5 minutes"},"schema":{"@context":"https:\/\/schema.org","@graph":[{"@type":"Article","@id":"https:\/\/leblog.prismemploi.eu\/index.php\/2021\/12\/27\/le-cdi-interimaire\/#article","isPartOf":{"@id":"https:\/\/leblog.prismemploi.eu\/index.php\/2021\/12\/27\/le-cdi-interimaire\/"},"author":{"name":"S\u00e9bastien Archi","@id":"https:\/\/leblog.prismemploi.eu\/#\/schema\/person\/f25ae6203bba9d3454af291afdbebcbc"},"headline":"Le CDI int\u00e9rimaire","datePublished":"2021-12-27T11:36:00+00:00","dateModified":"2022-01-20T15:50:55+00:00","mainEntityOfPage":{"@id":"https:\/\/leblog.prismemploi.eu\/index.php\/2021\/12\/27\/le-cdi-interimaire\/"},"wordCount":898,"commentCount":0,"publisher":{"@id":"https:\/\/leblog.prismemploi.eu\/#organization"},"image":{"@id":"https:\/\/leblog.prismemploi.eu\/index.php\/2021\/12\/27\/le-cdi-interimaire\/#primaryimage"},"thumbnailUrl":"https:\/\/leblog.prismemploi.eu\/wp-content\/uploads\/2021\/12\/iStock-480266974.jpg","keywords":["#D\u00e9cryptage"],"articleSection":["Soutenir l'activit\u00e9"],"inLanguage":"fr-FR","potentialAction":[{"@type":"CommentAction","name":"Comment","target":["https:\/\/leblog.prismemploi.eu\/index.php\/2021\/12\/27\/le-cdi-interimaire\/#respond"]}]},{"@type":"WebPage","@id":"https:\/\/leblog.prismemploi.eu\/index.php\/2021\/12\/27\/le-cdi-interimaire\/","url":"https:\/\/leblog.prismemploi.eu\/index.php\/2021\/12\/27\/le-cdi-interimaire\/","name":"Le CDI int\u00e9rimaire - leBlog Prism&#039;emploi","isPartOf":{"@id":"https:\/\/leblog.prismemploi.eu\/#website"},"primaryImageOfPage":{"@id":"https:\/\/leblog.prismemploi.eu\/index.php\/2021\/12\/27\/le-cdi-interimaire\/#primaryimage"},"image":{"@id":"https:\/\/leblog.prismemploi.eu\/index.php\/2021\/12\/27\/le-cdi-interimaire\/#primaryimage"},"thumbnailUrl":"https:\/\/leblog.prismemploi.eu\/wp-content\/uploads\/2021\/12\/iStock-480266974.jpg","datePublished":"2021-12-27T11:36:00+00:00","dateModified":"2022-01-20T15:50:55+00:00","description":"Le CDII, une innovation sociale garante de s\u00e9curisation pour les salari\u00e9s et de flexibilit\u00e9 pour les entreprises.","breadcrumb":{"@id":"https:\/\/leblog.prismemploi.eu\/index.php\/2021\/12\/27\/le-cdi-interimaire\/#breadcrumb"},"inLanguage":"fr-FR","potentialAction":[{"@type":"ReadAction","target":["https:\/\/leblog.prismemploi.eu\/index.php\/2021\/12\/27\/le-cdi-interimaire\/"]}]},{"@type":"ImageObject","inLanguage":"fr-FR","@id":"https:\/\/leblog.prismemploi.eu\/index.php\/2021\/12\/27\/le-cdi-interimaire\/#primaryimage","url":"https:\/\/leblog.prismemploi.eu\/wp-content\/uploads\/2021\/12\/iStock-480266974.jpg","contentUrl":"https:\/\/leblog.prismemploi.eu\/wp-content\/uploads\/2021\/12\/iStock-480266974.jpg","width":1254,"height":837},{"@type":"BreadcrumbList","@id":"https:\/\/leblog.prismemploi.eu\/index.php\/2021\/12\/27\/le-cdi-interimaire\/#breadcrumb","itemListElement":[{"@type":"ListItem","position":1,"name":"Accueil","item":"https:\/\/leblog.prismemploi.eu\/"},{"@type":"ListItem","position":2,"name":"Le CDI int\u00e9rimaire"}]},{"@type":"WebSite","@id":"https:\/\/leblog.prismemploi.eu\/#website","url":"https:\/\/leblog.prismemploi.eu\/","name":"leBlog Prism'emploi","description":"Innovons pour l&#039;emploi","publisher":{"@id":"https:\/\/leblog.prismemploi.eu\/#organization"},"potentialAction":[{"@type":"SearchAction","target":{"@type":"EntryPoint","urlTemplate":"https:\/\/leblog.prismemploi.eu\/?s={search_term_string}"},"query-input":{"@type":"PropertyValueSpecification","valueRequired":true,"valueName":"search_term_string"}}],"inLanguage":"fr-FR"},{"@type":"Organization","@id":"https:\/\/leblog.prismemploi.eu\/#organization","name":"leBlog Prism'emploi","url":"https:\/\/leblog.prismemploi.eu\/","logo":{"@type":"ImageObject","inLanguage":"fr-FR","@id":"https:\/\/leblog.prismemploi.eu\/#\/schema\/logo\/image\/","url":"https:\/\/leblog.prismemploi.eu\/wp-content\/uploads\/2021\/07\/logo_carre.png","contentUrl":"https:\/\/leblog.prismemploi.eu\/wp-content\/uploads\/2021\/07\/logo_carre.png","width":512,"height":512,"caption":"leBlog Prism'emploi"},"image":{"@id":"https:\/\/leblog.prismemploi.eu\/#\/schema\/logo\/image\/"}},{"@type":"Person","@id":"https:\/\/leblog.prismemploi.eu\/#\/schema\/person\/f25ae6203bba9d3454af291afdbebcbc","name":"S\u00e9bastien Archi","image":{"@type":"ImageObject","inLanguage":"fr-FR","@id":"https:\/\/leblog.prismemploi.eu\/#\/schema\/person\/image\/","url":"https:\/\/leblog.prismemploi.eu\/wp-content\/uploads\/2022\/01\/Sebastien-ARCHI-96x96.jpg","contentUrl":"https:\/\/leblog.prismemploi.eu\/wp-content\/uploads\/2022\/01\/Sebastien-ARCHI-96x96.jpg","caption":"S\u00e9bastien Archi"},"description":"S\u00e9bastien Archi est Directeur des affaires \u00e9conomiques chez Prism'emploi.","url":"https:\/\/leblog.prismemploi.eu\/index.php\/author\/sebastien-archi\/"}]}},"_links":{"self":[{"href":"https:\/\/leblog.prismemploi.eu\/index.php\/wp-json\/wp\/v2\/posts\/885","targetHints":{"allow":["GET"]}}],"collection":[{"href":"https:\/\/leblog.prismemploi.eu\/index.php\/wp-json\/wp\/v2\/posts"}],"about":[{"href":"https:\/\/leblog.prismemploi.eu\/index.php\/wp-json\/wp\/v2\/types\/post"}],"author":[{"embeddable":true,"href":"https:\/\/leblog.prismemploi.eu\/index.php\/wp-json\/wp\/v2\/users\/8"}],"replies":[{"embeddable":true,"href":"https:\/\/leblog.prismemploi.eu\/index.php\/wp-json\/wp\/v2\/comments?post=885"}],"version-history":[{"count":2,"href":"https:\/\/leblog.prismemploi.eu\/index.php\/wp-json\/wp\/v2\/posts\/885\/revisions"}],"predecessor-version":[{"id":1012,"href":"https:\/\/leblog.prismemploi.eu\/index.php\/wp-json\/wp\/v2\/posts\/885\/revisions\/1012"}],"wp:featuredmedia":[{"embeddable":true,"href":"https:\/\/leblog.prismemploi.eu\/index.php\/wp-json\/wp\/v2\/media\/886"}],"wp:attachment":[{"href":"https:\/\/leblog.prismemploi.eu\/index.php\/wp-json\/wp\/v2\/media?parent=885"}],"wp:term":[{"taxonomy":"category","embeddable":true,"href":"https:\/\/leblog.prismemploi.eu\/index.php\/wp-json\/wp\/v2\/categories?post=885"},{"taxonomy":"post_tag","embeddable":true,"href":"https:\/\/leblog.prismemploi.eu\/index.php\/wp-json\/wp\/v2\/tags?post=885"}],"curies":[{"name":"wp","href":"https:\/\/api.w.org\/{rel}","templated":true}]}}