{"id":845,"date":"2021-12-28T15:46:00","date_gmt":"2021-12-28T14:46:00","guid":{"rendered":"http:\/\/leblog.prismemploi.eu\/?p=845"},"modified":"2022-01-18T11:08:30","modified_gmt":"2022-01-18T10:08:30","slug":"interview-demmanuel-maillet","status":"publish","type":"post","link":"https:\/\/leblog.prismemploi.eu\/index.php\/2021\/12\/28\/interview-demmanuel-maillet\/","title":{"rendered":"Interview d&rsquo;Emmanuel MAILLET, Pr\u00e9sident du Fonds d\u2019action sociale du travail temporaire (FASTT)"},"content":{"rendered":"\n<p>Depuis 1992, le FASTT met en place des solutions et services pour faciliter la vie et l\u2019emploi des salari\u00e9s int\u00e9rimaires. Dans ce podcast, Emmanuel Maillet d\u00e9crit les principaux enjeux du FASTT et la place cruciale tenue par l\u2019organisme dans la vie des 2,6 millions de salari\u00e9s int\u00e9rimaires en France. Il revient sur la capacit\u00e9 du FASTT \u00e0 s\u2019adapter aux transformations de l\u2019emploi int\u00e9rimaire depuis 30 ans et \u00e0 accompagner les jeunes actifs lors de leur entr\u00e9e sur le march\u00e9 du travail.\u202f<\/p>\n\n\n\n<figure class=\"wp-block-audio\"><audio controls src=\"https:\/\/leblog.prismemploi.eu\/wp-content\/uploads\/2021\/12\/PODCAST-Emmanuel-MAILLET-VF.mp3\"><\/audio><figcaption><em>Cliquer sur Lecture pour \u00e9couter le podcast<\/em><\/figcaption><\/figure>\n\n\n\n<blockquote class=\"wp-block-quote is-style-large is-layout-flow wp-block-quote-is-layout-flow\"><p>\u00ab\u00a0La\u202fmission\u202fdu FASTT est de faciliter l\u2019int\u00e9gration sociale et professionnelle des salari\u00e9s\u00a0\u00bb<\/p><\/blockquote>\n\n\n\n<div style=\"height:100px\" aria-hidden=\"true\" class=\"wp-block-spacer\"><\/div>\n\n\n\n<div style=\"height:100px\" aria-hidden=\"true\" class=\"wp-block-spacer\"><\/div>\n","protected":false},"excerpt":{"rendered":"<p>Emmanuel MAILLET est pr\u00e9sident du FASTT, le Fonds d&rsquo;Action Sociale de Travail Temporaire.<\/p>\n","protected":false},"author":3,"featured_media":907,"comment_status":"open","ping_status":"open","sticky":false,"template":"","format":"standard","meta":{"footnotes":""},"categories":[21],"tags":[54],"class_list":{"0":"post-845","1":"post","2":"type-post","3":"status-publish","4":"format-standard","5":"has-post-thumbnail","7":"category-accompagnement","8":"tag-temoignage"},"yoast_head":"<!-- This site is optimized with the Yoast SEO plugin v27.1.1 - https:\/\/yoast.com\/product\/yoast-seo-wordpress\/ -->\n<title>Interview d&#039;Emmanuel MAILLET, Pr\u00e9sident du Fonds d\u2019action sociale du travail temporaire (FASTT) - leBlog Prism&#039;emploi<\/title>\n<meta name=\"description\" content=\"Ce n\u2019est plus un emploi pr\u00e9caire et ponctuel mais c\u2019est un outil formidable pour acc\u00e9der \u00e0 un emploi, se former et faire carri\u00e8re.\" \/>\n<meta name=\"robots\" content=\"noindex, nofollow\" \/>\n<meta property=\"og:locale\" content=\"fr_FR\" \/>\n<meta property=\"og:type\" content=\"article\" \/>\n<meta property=\"og:title\" content=\"Interview d&#039;Emmanuel MAILLET, Pr\u00e9sident du Fonds d\u2019action sociale du travail temporaire (FASTT) - leBlog Prism&#039;emploi\" \/>\n<meta property=\"og:description\" content=\"Ce n\u2019est plus un emploi pr\u00e9caire et ponctuel mais c\u2019est un outil formidable pour acc\u00e9der \u00e0 un emploi, se former et faire carri\u00e8re.\" \/>\n<meta property=\"og:url\" content=\"https:\/\/leblog.prismemploi.eu\/index.php\/2021\/12\/28\/interview-demmanuel-maillet\/\" \/>\n<meta property=\"og:site_name\" content=\"leBlog Prism&#039;emploi\" \/>\n<meta property=\"article:published_time\" content=\"2021-12-28T14:46:00+00:00\" \/>\n<meta property=\"article:modified_time\" content=\"2022-01-18T10:08:30+00:00\" \/>\n<meta property=\"og:image\" content=\"https:\/\/leblog.prismemploi.eu\/wp-content\/uploads\/2021\/11\/NEWS-Emmanuel-MAILLET-scaled.jpg\" \/>\n\t<meta property=\"og:image:width\" content=\"2560\" \/>\n\t<meta property=\"og:image:height\" content=\"1439\" \/>\n\t<meta property=\"og:image:type\" content=\"image\/jpeg\" \/>\n<meta name=\"author\" content=\"Prism&#039;emploi\" \/>\n<meta name=\"twitter:card\" content=\"summary_large_image\" \/>\n<meta name=\"twitter:label1\" content=\"\u00c9crit par\" \/>\n\t<meta name=\"twitter:data1\" content=\"Prism&#039;emploi\" \/>\n\t<meta name=\"twitter:label2\" content=\"Dur\u00e9e de lecture estim\u00e9e\" \/>\n\t<meta name=\"twitter:data2\" content=\"1 minute\" \/>\n<script type=\"application\/ld+json\" class=\"yoast-schema-graph\">{\"@context\":\"https:\/\/schema.org\",\"@graph\":[{\"@type\":\"Article\",\"@id\":\"https:\/\/leblog.prismemploi.eu\/index.php\/2021\/12\/28\/interview-demmanuel-maillet\/#article\",\"isPartOf\":{\"@id\":\"https:\/\/leblog.prismemploi.eu\/index.php\/2021\/12\/28\/interview-demmanuel-maillet\/\"},\"author\":{\"name\":\"Prism'emploi\",\"@id\":\"https:\/\/leblog.prismemploi.eu\/#\/schema\/person\/c7e048b348cc1a40862de60fbe4a3bf6\"},\"headline\":\"Interview d&rsquo;Emmanuel MAILLET, Pr\u00e9sident du Fonds d\u2019action sociale du travail temporaire (FASTT)\",\"datePublished\":\"2021-12-28T14:46:00+00:00\",\"dateModified\":\"2022-01-18T10:08:30+00:00\",\"mainEntityOfPage\":{\"@id\":\"https:\/\/leblog.prismemploi.eu\/index.php\/2021\/12\/28\/interview-demmanuel-maillet\/\"},\"wordCount\":125,\"commentCount\":0,\"publisher\":{\"@id\":\"https:\/\/leblog.prismemploi.eu\/#organization\"},\"image\":{\"@id\":\"https:\/\/leblog.prismemploi.eu\/index.php\/2021\/12\/28\/interview-demmanuel-maillet\/#primaryimage\"},\"thumbnailUrl\":\"https:\/\/leblog.prismemploi.eu\/wp-content\/uploads\/2021\/11\/NEWS-Emmanuel-MAILLET-scaled.jpg\",\"keywords\":[\"#T\u00e9moignage\"],\"articleSection\":[\"Accompagnement\"],\"inLanguage\":\"fr-FR\",\"potentialAction\":[{\"@type\":\"CommentAction\",\"name\":\"Comment\",\"target\":[\"https:\/\/leblog.prismemploi.eu\/index.php\/2021\/12\/28\/interview-demmanuel-maillet\/#respond\"]}]},{\"@type\":\"WebPage\",\"@id\":\"https:\/\/leblog.prismemploi.eu\/index.php\/2021\/12\/28\/interview-demmanuel-maillet\/\",\"url\":\"https:\/\/leblog.prismemploi.eu\/index.php\/2021\/12\/28\/interview-demmanuel-maillet\/\",\"name\":\"Interview d'Emmanuel MAILLET, Pr\u00e9sident du Fonds d\u2019action sociale du travail temporaire (FASTT) - leBlog Prism&#039;emploi\",\"isPartOf\":{\"@id\":\"https:\/\/leblog.prismemploi.eu\/#website\"},\"primaryImageOfPage\":{\"@id\":\"https:\/\/leblog.prismemploi.eu\/index.php\/2021\/12\/28\/interview-demmanuel-maillet\/#primaryimage\"},\"image\":{\"@id\":\"https:\/\/leblog.prismemploi.eu\/index.php\/2021\/12\/28\/interview-demmanuel-maillet\/#primaryimage\"},\"thumbnailUrl\":\"https:\/\/leblog.prismemploi.eu\/wp-content\/uploads\/2021\/11\/NEWS-Emmanuel-MAILLET-scaled.jpg\",\"datePublished\":\"2021-12-28T14:46:00+00:00\",\"dateModified\":\"2022-01-18T10:08:30+00:00\",\"description\":\"Ce n\u2019est plus un emploi pr\u00e9caire et ponctuel mais c\u2019est un outil formidable pour acc\u00e9der \u00e0 un emploi, se former et faire carri\u00e8re.\",\"breadcrumb\":{\"@id\":\"https:\/\/leblog.prismemploi.eu\/index.php\/2021\/12\/28\/interview-demmanuel-maillet\/#breadcrumb\"},\"inLanguage\":\"fr-FR\",\"potentialAction\":[{\"@type\":\"ReadAction\",\"target\":[\"https:\/\/leblog.prismemploi.eu\/index.php\/2021\/12\/28\/interview-demmanuel-maillet\/\"]}]},{\"@type\":\"ImageObject\",\"inLanguage\":\"fr-FR\",\"@id\":\"https:\/\/leblog.prismemploi.eu\/index.php\/2021\/12\/28\/interview-demmanuel-maillet\/#primaryimage\",\"url\":\"https:\/\/leblog.prismemploi.eu\/wp-content\/uploads\/2021\/11\/NEWS-Emmanuel-MAILLET-scaled.jpg\",\"contentUrl\":\"https:\/\/leblog.prismemploi.eu\/wp-content\/uploads\/2021\/11\/NEWS-Emmanuel-MAILLET-scaled.jpg\",\"width\":2560,\"height\":1439,\"caption\":\"E_MAILLET\"},{\"@type\":\"BreadcrumbList\",\"@id\":\"https:\/\/leblog.prismemploi.eu\/index.php\/2021\/12\/28\/interview-demmanuel-maillet\/#breadcrumb\",\"itemListElement\":[{\"@type\":\"ListItem\",\"position\":1,\"name\":\"Accueil\",\"item\":\"https:\/\/leblog.prismemploi.eu\/\"},{\"@type\":\"ListItem\",\"position\":2,\"name\":\"Interview d&rsquo;Emmanuel MAILLET, Pr\u00e9sident du Fonds d\u2019action sociale du travail temporaire (FASTT)\"}]},{\"@type\":\"WebSite\",\"@id\":\"https:\/\/leblog.prismemploi.eu\/#website\",\"url\":\"https:\/\/leblog.prismemploi.eu\/\",\"name\":\"leBlog Prism'emploi\",\"description\":\"Innovons pour l&#039;emploi\",\"publisher\":{\"@id\":\"https:\/\/leblog.prismemploi.eu\/#organization\"},\"potentialAction\":[{\"@type\":\"SearchAction\",\"target\":{\"@type\":\"EntryPoint\",\"urlTemplate\":\"https:\/\/leblog.prismemploi.eu\/?s={search_term_string}\"},\"query-input\":{\"@type\":\"PropertyValueSpecification\",\"valueRequired\":true,\"valueName\":\"search_term_string\"}}],\"inLanguage\":\"fr-FR\"},{\"@type\":\"Organization\",\"@id\":\"https:\/\/leblog.prismemploi.eu\/#organization\",\"name\":\"leBlog Prism'emploi\",\"url\":\"https:\/\/leblog.prismemploi.eu\/\",\"logo\":{\"@type\":\"ImageObject\",\"inLanguage\":\"fr-FR\",\"@id\":\"https:\/\/leblog.prismemploi.eu\/#\/schema\/logo\/image\/\",\"url\":\"https:\/\/leblog.prismemploi.eu\/wp-content\/uploads\/2021\/07\/logo_carre.png\",\"contentUrl\":\"https:\/\/leblog.prismemploi.eu\/wp-content\/uploads\/2021\/07\/logo_carre.png\",\"width\":512,\"height\":512,\"caption\":\"leBlog Prism'emploi\"},\"image\":{\"@id\":\"https:\/\/leblog.prismemploi.eu\/#\/schema\/logo\/image\/\"}},{\"@type\":\"Person\",\"@id\":\"https:\/\/leblog.prismemploi.eu\/#\/schema\/person\/c7e048b348cc1a40862de60fbe4a3bf6\",\"name\":\"Prism'emploi\",\"image\":{\"@type\":\"ImageObject\",\"inLanguage\":\"fr-FR\",\"@id\":\"https:\/\/leblog.prismemploi.eu\/#\/schema\/person\/image\/\",\"url\":\"https:\/\/leblog.prismemploi.eu\/wp-content\/uploads\/2021\/07\/logo_carre-96x96.png\",\"contentUrl\":\"https:\/\/leblog.prismemploi.eu\/wp-content\/uploads\/2021\/07\/logo_carre-96x96.png\",\"caption\":\"Prism'emploi\"},\"description\":\"Prism\u2019emploi - Professionnels du recrutement et de l\u2019int\u00e9rim - est l\u2019organisation professionnelle, qui regroupe plus de 600 entreprises de toutes tailles, pr\u00e9sentes sur l\u2019ensemble du territoire gr\u00e2ce \u00e0 leurs 10 000 agences d\u2019emploi.\",\"sameAs\":[\"http:\/\/prismemploi.eu\"],\"url\":\"https:\/\/leblog.prismemploi.eu\/index.php\/author\/leblogprismemploigmail-com\/\"}]}<\/script>\n<!-- \/ Yoast SEO plugin. -->","yoast_head_json":{"title":"Interview d'Emmanuel MAILLET, Pr\u00e9sident du Fonds d\u2019action sociale du travail temporaire (FASTT) - leBlog Prism&#039;emploi","description":"Ce n\u2019est plus un emploi pr\u00e9caire et ponctuel mais c\u2019est un outil formidable pour acc\u00e9der \u00e0 un emploi, se former et faire carri\u00e8re.","robots":{"index":"noindex","follow":"nofollow"},"og_locale":"fr_FR","og_type":"article","og_title":"Interview d'Emmanuel MAILLET, Pr\u00e9sident du Fonds d\u2019action sociale du travail temporaire (FASTT) - leBlog Prism&#039;emploi","og_description":"Ce n\u2019est plus un emploi pr\u00e9caire et ponctuel mais c\u2019est un outil formidable pour acc\u00e9der \u00e0 un emploi, se former et faire carri\u00e8re.","og_url":"https:\/\/leblog.prismemploi.eu\/index.php\/2021\/12\/28\/interview-demmanuel-maillet\/","og_site_name":"leBlog Prism&#039;emploi","article_published_time":"2021-12-28T14:46:00+00:00","article_modified_time":"2022-01-18T10:08:30+00:00","og_image":[{"width":2560,"height":1439,"url":"https:\/\/leblog.prismemploi.eu\/wp-content\/uploads\/2021\/11\/NEWS-Emmanuel-MAILLET-scaled.jpg","type":"image\/jpeg"}],"author":"Prism'emploi","twitter_card":"summary_large_image","twitter_misc":{"\u00c9crit par":"Prism'emploi","Dur\u00e9e de lecture estim\u00e9e":"1 minute"},"schema":{"@context":"https:\/\/schema.org","@graph":[{"@type":"Article","@id":"https:\/\/leblog.prismemploi.eu\/index.php\/2021\/12\/28\/interview-demmanuel-maillet\/#article","isPartOf":{"@id":"https:\/\/leblog.prismemploi.eu\/index.php\/2021\/12\/28\/interview-demmanuel-maillet\/"},"author":{"name":"Prism'emploi","@id":"https:\/\/leblog.prismemploi.eu\/#\/schema\/person\/c7e048b348cc1a40862de60fbe4a3bf6"},"headline":"Interview d&rsquo;Emmanuel MAILLET, Pr\u00e9sident du Fonds d\u2019action sociale du travail temporaire (FASTT)","datePublished":"2021-12-28T14:46:00+00:00","dateModified":"2022-01-18T10:08:30+00:00","mainEntityOfPage":{"@id":"https:\/\/leblog.prismemploi.eu\/index.php\/2021\/12\/28\/interview-demmanuel-maillet\/"},"wordCount":125,"commentCount":0,"publisher":{"@id":"https:\/\/leblog.prismemploi.eu\/#organization"},"image":{"@id":"https:\/\/leblog.prismemploi.eu\/index.php\/2021\/12\/28\/interview-demmanuel-maillet\/#primaryimage"},"thumbnailUrl":"https:\/\/leblog.prismemploi.eu\/wp-content\/uploads\/2021\/11\/NEWS-Emmanuel-MAILLET-scaled.jpg","keywords":["#T\u00e9moignage"],"articleSection":["Accompagnement"],"inLanguage":"fr-FR","potentialAction":[{"@type":"CommentAction","name":"Comment","target":["https:\/\/leblog.prismemploi.eu\/index.php\/2021\/12\/28\/interview-demmanuel-maillet\/#respond"]}]},{"@type":"WebPage","@id":"https:\/\/leblog.prismemploi.eu\/index.php\/2021\/12\/28\/interview-demmanuel-maillet\/","url":"https:\/\/leblog.prismemploi.eu\/index.php\/2021\/12\/28\/interview-demmanuel-maillet\/","name":"Interview d'Emmanuel MAILLET, Pr\u00e9sident du Fonds d\u2019action sociale du travail temporaire (FASTT) - leBlog Prism&#039;emploi","isPartOf":{"@id":"https:\/\/leblog.prismemploi.eu\/#website"},"primaryImageOfPage":{"@id":"https:\/\/leblog.prismemploi.eu\/index.php\/2021\/12\/28\/interview-demmanuel-maillet\/#primaryimage"},"image":{"@id":"https:\/\/leblog.prismemploi.eu\/index.php\/2021\/12\/28\/interview-demmanuel-maillet\/#primaryimage"},"thumbnailUrl":"https:\/\/leblog.prismemploi.eu\/wp-content\/uploads\/2021\/11\/NEWS-Emmanuel-MAILLET-scaled.jpg","datePublished":"2021-12-28T14:46:00+00:00","dateModified":"2022-01-18T10:08:30+00:00","description":"Ce n\u2019est plus un emploi pr\u00e9caire et ponctuel mais c\u2019est un outil formidable pour acc\u00e9der \u00e0 un emploi, se former et faire carri\u00e8re.","breadcrumb":{"@id":"https:\/\/leblog.prismemploi.eu\/index.php\/2021\/12\/28\/interview-demmanuel-maillet\/#breadcrumb"},"inLanguage":"fr-FR","potentialAction":[{"@type":"ReadAction","target":["https:\/\/leblog.prismemploi.eu\/index.php\/2021\/12\/28\/interview-demmanuel-maillet\/"]}]},{"@type":"ImageObject","inLanguage":"fr-FR","@id":"https:\/\/leblog.prismemploi.eu\/index.php\/2021\/12\/28\/interview-demmanuel-maillet\/#primaryimage","url":"https:\/\/leblog.prismemploi.eu\/wp-content\/uploads\/2021\/11\/NEWS-Emmanuel-MAILLET-scaled.jpg","contentUrl":"https:\/\/leblog.prismemploi.eu\/wp-content\/uploads\/2021\/11\/NEWS-Emmanuel-MAILLET-scaled.jpg","width":2560,"height":1439,"caption":"E_MAILLET"},{"@type":"BreadcrumbList","@id":"https:\/\/leblog.prismemploi.eu\/index.php\/2021\/12\/28\/interview-demmanuel-maillet\/#breadcrumb","itemListElement":[{"@type":"ListItem","position":1,"name":"Accueil","item":"https:\/\/leblog.prismemploi.eu\/"},{"@type":"ListItem","position":2,"name":"Interview d&rsquo;Emmanuel MAILLET, Pr\u00e9sident du Fonds d\u2019action sociale du travail temporaire (FASTT)"}]},{"@type":"WebSite","@id":"https:\/\/leblog.prismemploi.eu\/#website","url":"https:\/\/leblog.prismemploi.eu\/","name":"leBlog Prism'emploi","description":"Innovons pour l&#039;emploi","publisher":{"@id":"https:\/\/leblog.prismemploi.eu\/#organization"},"potentialAction":[{"@type":"SearchAction","target":{"@type":"EntryPoint","urlTemplate":"https:\/\/leblog.prismemploi.eu\/?s={search_term_string}"},"query-input":{"@type":"PropertyValueSpecification","valueRequired":true,"valueName":"search_term_string"}}],"inLanguage":"fr-FR"},{"@type":"Organization","@id":"https:\/\/leblog.prismemploi.eu\/#organization","name":"leBlog Prism'emploi","url":"https:\/\/leblog.prismemploi.eu\/","logo":{"@type":"ImageObject","inLanguage":"fr-FR","@id":"https:\/\/leblog.prismemploi.eu\/#\/schema\/logo\/image\/","url":"https:\/\/leblog.prismemploi.eu\/wp-content\/uploads\/2021\/07\/logo_carre.png","contentUrl":"https:\/\/leblog.prismemploi.eu\/wp-content\/uploads\/2021\/07\/logo_carre.png","width":512,"height":512,"caption":"leBlog Prism'emploi"},"image":{"@id":"https:\/\/leblog.prismemploi.eu\/#\/schema\/logo\/image\/"}},{"@type":"Person","@id":"https:\/\/leblog.prismemploi.eu\/#\/schema\/person\/c7e048b348cc1a40862de60fbe4a3bf6","name":"Prism'emploi","image":{"@type":"ImageObject","inLanguage":"fr-FR","@id":"https:\/\/leblog.prismemploi.eu\/#\/schema\/person\/image\/","url":"https:\/\/leblog.prismemploi.eu\/wp-content\/uploads\/2021\/07\/logo_carre-96x96.png","contentUrl":"https:\/\/leblog.prismemploi.eu\/wp-content\/uploads\/2021\/07\/logo_carre-96x96.png","caption":"Prism'emploi"},"description":"Prism\u2019emploi - Professionnels du recrutement et de l\u2019int\u00e9rim - est l\u2019organisation professionnelle, qui regroupe plus de 600 entreprises de toutes tailles, pr\u00e9sentes sur l\u2019ensemble du territoire gr\u00e2ce \u00e0 leurs 10 000 agences d\u2019emploi.","sameAs":["http:\/\/prismemploi.eu"],"url":"https:\/\/leblog.prismemploi.eu\/index.php\/author\/leblogprismemploigmail-com\/"}]}},"_links":{"self":[{"href":"https:\/\/leblog.prismemploi.eu\/index.php\/wp-json\/wp\/v2\/posts\/845","targetHints":{"allow":["GET"]}}],"collection":[{"href":"https:\/\/leblog.prismemploi.eu\/index.php\/wp-json\/wp\/v2\/posts"}],"about":[{"href":"https:\/\/leblog.prismemploi.eu\/index.php\/wp-json\/wp\/v2\/types\/post"}],"author":[{"embeddable":true,"href":"https:\/\/leblog.prismemploi.eu\/index.php\/wp-json\/wp\/v2\/users\/3"}],"replies":[{"embeddable":true,"href":"https:\/\/leblog.prismemploi.eu\/index.php\/wp-json\/wp\/v2\/comments?post=845"}],"version-history":[{"count":12,"href":"https:\/\/leblog.prismemploi.eu\/index.php\/wp-json\/wp\/v2\/posts\/845\/revisions"}],"predecessor-version":[{"id":1193,"href":"https:\/\/leblog.prismemploi.eu\/index.php\/wp-json\/wp\/v2\/posts\/845\/revisions\/1193"}],"wp:featuredmedia":[{"embeddable":true,"href":"https:\/\/leblog.prismemploi.eu\/index.php\/wp-json\/wp\/v2\/media\/907"}],"wp:attachment":[{"href":"https:\/\/leblog.prismemploi.eu\/index.php\/wp-json\/wp\/v2\/media?parent=845"}],"wp:term":[{"taxonomy":"category","embeddable":true,"href":"https:\/\/leblog.prismemploi.eu\/index.php\/wp-json\/wp\/v2\/categories?post=845"},{"taxonomy":"post_tag","embeddable":true,"href":"https:\/\/leblog.prismemploi.eu\/index.php\/wp-json\/wp\/v2\/tags?post=845"}],"curies":[{"name":"wp","href":"https:\/\/api.w.org\/{rel}","templated":true}]}}