{"id":1401,"date":"2024-04-25T16:09:43","date_gmt":"2024-04-25T14:09:43","guid":{"rendered":"https:\/\/leblog.prismemploi.eu\/?p=1401"},"modified":"2024-04-25T16:09:44","modified_gmt":"2024-04-25T14:09:44","slug":"la-demarche-mission-jeunes-fete-ses-10-ans","status":"publish","type":"post","link":"https:\/\/leblog.prismemploi.eu\/index.php\/2024\/04\/25\/la-demarche-mission-jeunes-fete-ses-10-ans\/","title":{"rendered":"La d\u00e9marche Mission Jeunes f\u00eate ses 10 ans"},"content":{"rendered":"\n<h4 class=\"wp-block-heading\">Trois questions \u00e0 St\u00e9phane VALLI, Pr\u00e9sident de l&rsquo;Union Nationale des Missions Locales.<\/h4>\n\n\n\n<h6 class=\"wp-block-heading\">Pouvez-vous d\u00e9crire le type d\u2019accompagnement que les Missions Locales offrent aux jeunes ?<\/h6>\n\n\n\n<p>Suite \u00e0 un diagnostic de leur situation, les Missions Locales proposent aux jeunes de 16 \u00e0 25 ans (30 ans pour les jeunes en situation de handicap), un parcours d\u2019accompagnement avec la prise en compte globale des freins \u00e0 leur acc\u00e8s \u00e0 l\u2019emploi et \u00e0 l\u2019autonomie. Le profil des jeunes peut \u00eatre tr\u00e8s diff\u00e9rent : des jeunes dipl\u00f4m\u00e9s qui rencontrent des difficult\u00e9s \u00e0 trouver un emploi, des jeunes ayant v\u00e9cu une orientation scolaire subie et qui souhaitent se r\u00e9orienter, des jeunes tr\u00e8s pr\u00e9caires\u2026 On peut dire que les conseillers accompagnent les jeunes \u00e0 partir de leurs attentes et de leur singularit\u00e9 afin de travailler avec eux sur leurs projets. Cet accompagnement est r\u00e9alis\u00e9 en \u00e9troite collaboration avec de nombreux partenaires sur les territoires, afin de balayer tous les champs : acteurs du logement, de la formation, de la sant\u00e9, de la mobilit\u00e9, de l\u2019acc\u00e8s aux loisirs et \u00e0 la culture\u2026 et bien \u00e9videmment le monde \u00e9conomique dont les agences d\u2019emploi.<\/p>\n\n\n\n<p>La lutte contre le ch\u00f4mage des jeunes \u00e9tait le point de d\u00e9part de la cr\u00e9ation des Missions Locales en 1982. Depuis donc 40 ans, elle reste une priorit\u00e9 pour notre r\u00e9seau : nous savons que les jeunes peu ou pas dipl\u00f4m\u00e9s sont les jeunes les plus victimes du ch\u00f4mage. Nous devons \u00eatre en mesure de proposer une trajectoire de vie professionnelle motivante pour l\u2019ensemble des jeunes accompagn\u00e9s.<\/p>\n\n\n\n<p>L\u2019insertion professionnelle des jeunes est essentielle pour que chaque jeune trouve sa place dans la soci\u00e9t\u00e9 et se vive comme citoyen.<\/p>\n\n\n\n<h6 class=\"wp-block-heading\">Le partenariat entre l&rsquo;UNML et Prism\u2019emploi existe depuis 10 ans. D\u2019apr\u00e8s vous, sur quoi son succ\u00e8s repose-t-il ?<\/h6>\n\n\n\n<p>Mission Jeunes, lanc\u00e9 en 2014, reconduit en 2018 puis en 2021, s\u2019inscrit dans la dur\u00e9e, avec l\u2019engagement de plusieurs acteurs : l\u2019Etat, l\u2019organisation professionnelle Prism\u2019emploi, l\u2019op\u00e9rateur de comp\u00e9tences AKTO, le Fonds d\u2019Action Sociale du Travail Temporaire (FASTT), le Fonds professionnel pour l\u2019emploi dans le travail temporaire (FPETT) et enfin, l\u2019Union Nationale des Missions Locales (UNML), r\u00e9unis autour d\u2019un m\u00eame d\u00e9fi : l\u2019insertion professionnelle des jeunes.<\/p>\n\n\n\n<p>Le succ\u00e8s de notre action commune repose sur plusieurs piliers.<\/p>\n\n\n\n<p>Tout d\u2019abord, notre capacit\u00e9 \u00e0 mobiliser et \u00e0 coordonner l\u2019\u00e9cosyst\u00e8me complet, \u00e0 360\u00b0, gr\u00e2ce \u00e0 l\u2019action concert\u00e9e des partenaires signataires : proposer aux jeunes l\u2019acc\u00e8s \u00e0 des missions d\u2019int\u00e9rim et \u00e0 une offre de services d\u2019accompagnement, allant de la pr\u00e9paration des jeunes \u00e0 la lev\u00e9e des freins p\u00e9riph\u00e9riques \u00e0 l\u2019emploi, en passant par des actions de mise en relation avec les entreprises et des actions de formation pour favoriser la mise en emploi.<br>Vient ensuite notre capacit\u00e9 \u00e0 actionner les bons leviers pour \u00ab bien \u00bb articuler les dispositifs de formation et missions d\u2019int\u00e9rim dans le parcours d\u2019acc\u00e8s \u00e0 l\u2019emploi des jeunes.<br>Nous mobilisons les services et les prestations qui permettent aux jeunes de r\u00e9aliser leurs missions dans les meilleures conditions. Ces aides am\u00e9liorent leur vie quotidienne et participent \u00e0 la lev\u00e9e des freins \u00e0 leur insertion professionnelle.<\/p>\n\n\n\n<h6 class=\"wp-block-heading\">Pensez-vous que ce partenariat peut encore se d\u00e9velopper et de quelle mani\u00e8re ? Quel est votre souhait pour les ann\u00e9es \u00e0 venir ?<\/h6>\n\n\n\n<p>Aujourd\u2019hui, ce sont 100% des 440 Missions Locales qui sont partenaires du secteur du travail temporaire. 100% des Missions Locales sont en mesure d\u2019orienter les jeunes efficacement vers les agences r\u00e9f\u00e9rentes. C\u2019est donc une r\u00e9ussite et une fiert\u00e9 que nous partageons aujourd\u2019hui avec nos partenaires.<\/p>\n\n\n\n<p>Nous sommes convaincus de l\u2019effet \u00ab tremplin vers l\u2019emploi et la qualification \u00bb et \u00ab pied \u00e0 l\u2019\u00e9trier \u00bb du travail temporaire pour permettre aux jeunes de d\u00e9couvrir les m\u00e9tiers et le monde de l\u2019entreprise.<\/p>\n\n\n\n<p>Le march\u00e9 de l\u2019emploi \u00e9volue sans cesse, le rapport des jeunes au travail \u00e9galement. Notre ambition, au travers de ce partenariat, reste la m\u00eame : toujours mieux r\u00e9pondre en proximit\u00e9 aux besoins des employeurs et des jeunes pour contribuer au d\u00e9veloppement de nos territoires dans leur diversit\u00e9. Si nous pouvons nous r\u00e9jouir des nombreuses opportunit\u00e9s que notre partenariat fort a donn\u00e9 aux jeunes que nous accompagnons, nous avons encore beaucoup \u00e0 faire collectivement pour qu\u2019aucun jeune ne reste au bord du chemin.<\/p>\n","protected":false},"excerpt":{"rendered":"<p>Trois questions \u00e0 St\u00e9phane VALLI, Pr\u00e9sident de l&rsquo;Union Nationale des Missions Locales. Pouvez-vous d\u00e9crire le type d\u2019accompagnement que les Missions Locales offrent aux jeunes ? Suite \u00e0 un diagnostic de leur situation, les Missions Locales proposent aux jeunes de 16 \u00e0 25 ans (30 ans pour les jeunes en situation de handicap), un parcours d\u2019accompagnement [&hellip;]<\/p>\n","protected":false},"author":25,"featured_media":1404,"comment_status":"open","ping_status":"open","sticky":false,"template":"","format":"standard","meta":{"footnotes":""},"categories":[24],"tags":[54],"class_list":{"0":"post-1401","1":"post","2":"type-post","3":"status-publish","4":"format-standard","5":"has-post-thumbnail","7":"category-cooperations","8":"tag-temoignage"},"yoast_head":"<!-- This site is optimized with the Yoast SEO plugin v27.1.1 - https:\/\/yoast.com\/product\/yoast-seo-wordpress\/ -->\n<title>La d\u00e9marche Mission Jeunes f\u00eate ses 10 ans - leBlog Prism&#039;emploi<\/title>\n<meta name=\"robots\" content=\"index, follow, max-snippet:-1, max-image-preview:large, max-video-preview:-1\" \/>\n<link rel=\"canonical\" href=\"https:\/\/leblog.prismemploi.eu\/index.php\/2024\/04\/25\/la-demarche-mission-jeunes-fete-ses-10-ans\/\" \/>\n<meta property=\"og:locale\" content=\"fr_FR\" \/>\n<meta property=\"og:type\" content=\"article\" \/>\n<meta property=\"og:title\" content=\"La d\u00e9marche Mission Jeunes f\u00eate ses 10 ans - leBlog Prism&#039;emploi\" \/>\n<meta property=\"og:description\" content=\"Trois questions \u00e0 St\u00e9phane VALLI, Pr\u00e9sident de l&rsquo;Union Nationale des Missions Locales. Pouvez-vous d\u00e9crire le type d\u2019accompagnement que les Missions Locales offrent aux jeunes ? Suite \u00e0 un diagnostic de leur situation, les Missions Locales proposent aux jeunes de 16 \u00e0 25 ans (30 ans pour les jeunes en situation de handicap), un parcours d\u2019accompagnement [&hellip;]\" \/>\n<meta property=\"og:url\" content=\"https:\/\/leblog.prismemploi.eu\/index.php\/2024\/04\/25\/la-demarche-mission-jeunes-fete-ses-10-ans\/\" \/>\n<meta property=\"og:site_name\" content=\"leBlog Prism&#039;emploi\" \/>\n<meta property=\"article:published_time\" content=\"2024-04-25T14:09:43+00:00\" \/>\n<meta property=\"article:modified_time\" content=\"2024-04-25T14:09:44+00:00\" \/>\n<meta property=\"og:image\" content=\"https:\/\/leblog.prismemploi.eu\/wp-content\/uploads\/2024\/04\/v2.jpg\" \/>\n\t<meta property=\"og:image:width\" content=\"724\" \/>\n\t<meta property=\"og:image:height\" content=\"483\" \/>\n\t<meta property=\"og:image:type\" content=\"image\/jpeg\" \/>\n<meta name=\"author\" content=\"St\u00e9phane VALLI\" \/>\n<meta name=\"twitter:card\" content=\"summary_large_image\" \/>\n<meta name=\"twitter:label1\" content=\"\u00c9crit par\" \/>\n\t<meta name=\"twitter:data1\" content=\"St\u00e9phane VALLI\" \/>\n\t<meta name=\"twitter:label2\" content=\"Dur\u00e9e de lecture estim\u00e9e\" \/>\n\t<meta name=\"twitter:data2\" content=\"4 minutes\" \/>\n<script type=\"application\/ld+json\" class=\"yoast-schema-graph\">{\"@context\":\"https:\/\/schema.org\",\"@graph\":[{\"@type\":\"Article\",\"@id\":\"https:\/\/leblog.prismemploi.eu\/index.php\/2024\/04\/25\/la-demarche-mission-jeunes-fete-ses-10-ans\/#article\",\"isPartOf\":{\"@id\":\"https:\/\/leblog.prismemploi.eu\/index.php\/2024\/04\/25\/la-demarche-mission-jeunes-fete-ses-10-ans\/\"},\"author\":{\"name\":\"St\u00e9phane VALLI\",\"@id\":\"https:\/\/leblog.prismemploi.eu\/#\/schema\/person\/c299598ca9f3a58e8a9a5baf6183664d\"},\"headline\":\"La d\u00e9marche Mission Jeunes f\u00eate ses 10 ans\",\"datePublished\":\"2024-04-25T14:09:43+00:00\",\"dateModified\":\"2024-04-25T14:09:44+00:00\",\"mainEntityOfPage\":{\"@id\":\"https:\/\/leblog.prismemploi.eu\/index.php\/2024\/04\/25\/la-demarche-mission-jeunes-fete-ses-10-ans\/\"},\"wordCount\":747,\"commentCount\":0,\"publisher\":{\"@id\":\"https:\/\/leblog.prismemploi.eu\/#organization\"},\"image\":{\"@id\":\"https:\/\/leblog.prismemploi.eu\/index.php\/2024\/04\/25\/la-demarche-mission-jeunes-fete-ses-10-ans\/#primaryimage\"},\"thumbnailUrl\":\"https:\/\/leblog.prismemploi.eu\/wp-content\/uploads\/2024\/04\/v2.jpg\",\"keywords\":[\"#T\u00e9moignage\"],\"articleSection\":[\"Coop\u00e9rations\"],\"inLanguage\":\"fr-FR\",\"potentialAction\":[{\"@type\":\"CommentAction\",\"name\":\"Comment\",\"target\":[\"https:\/\/leblog.prismemploi.eu\/index.php\/2024\/04\/25\/la-demarche-mission-jeunes-fete-ses-10-ans\/#respond\"]}]},{\"@type\":\"WebPage\",\"@id\":\"https:\/\/leblog.prismemploi.eu\/index.php\/2024\/04\/25\/la-demarche-mission-jeunes-fete-ses-10-ans\/\",\"url\":\"https:\/\/leblog.prismemploi.eu\/index.php\/2024\/04\/25\/la-demarche-mission-jeunes-fete-ses-10-ans\/\",\"name\":\"La d\u00e9marche Mission Jeunes f\u00eate ses 10 ans - leBlog Prism&#039;emploi\",\"isPartOf\":{\"@id\":\"https:\/\/leblog.prismemploi.eu\/#website\"},\"primaryImageOfPage\":{\"@id\":\"https:\/\/leblog.prismemploi.eu\/index.php\/2024\/04\/25\/la-demarche-mission-jeunes-fete-ses-10-ans\/#primaryimage\"},\"image\":{\"@id\":\"https:\/\/leblog.prismemploi.eu\/index.php\/2024\/04\/25\/la-demarche-mission-jeunes-fete-ses-10-ans\/#primaryimage\"},\"thumbnailUrl\":\"https:\/\/leblog.prismemploi.eu\/wp-content\/uploads\/2024\/04\/v2.jpg\",\"datePublished\":\"2024-04-25T14:09:43+00:00\",\"dateModified\":\"2024-04-25T14:09:44+00:00\",\"breadcrumb\":{\"@id\":\"https:\/\/leblog.prismemploi.eu\/index.php\/2024\/04\/25\/la-demarche-mission-jeunes-fete-ses-10-ans\/#breadcrumb\"},\"inLanguage\":\"fr-FR\",\"potentialAction\":[{\"@type\":\"ReadAction\",\"target\":[\"https:\/\/leblog.prismemploi.eu\/index.php\/2024\/04\/25\/la-demarche-mission-jeunes-fete-ses-10-ans\/\"]}]},{\"@type\":\"ImageObject\",\"inLanguage\":\"fr-FR\",\"@id\":\"https:\/\/leblog.prismemploi.eu\/index.php\/2024\/04\/25\/la-demarche-mission-jeunes-fete-ses-10-ans\/#primaryimage\",\"url\":\"https:\/\/leblog.prismemploi.eu\/wp-content\/uploads\/2024\/04\/v2.jpg\",\"contentUrl\":\"https:\/\/leblog.prismemploi.eu\/wp-content\/uploads\/2024\/04\/v2.jpg\",\"width\":724,\"height\":483,\"caption\":\"Young woman showing something on the laptop to her friends on university stairs\"},{\"@type\":\"BreadcrumbList\",\"@id\":\"https:\/\/leblog.prismemploi.eu\/index.php\/2024\/04\/25\/la-demarche-mission-jeunes-fete-ses-10-ans\/#breadcrumb\",\"itemListElement\":[{\"@type\":\"ListItem\",\"position\":1,\"name\":\"Accueil\",\"item\":\"https:\/\/leblog.prismemploi.eu\/\"},{\"@type\":\"ListItem\",\"position\":2,\"name\":\"La d\u00e9marche Mission Jeunes f\u00eate ses 10 ans\"}]},{\"@type\":\"WebSite\",\"@id\":\"https:\/\/leblog.prismemploi.eu\/#website\",\"url\":\"https:\/\/leblog.prismemploi.eu\/\",\"name\":\"leBlog Prism'emploi\",\"description\":\"Innovons pour l&#039;emploi\",\"publisher\":{\"@id\":\"https:\/\/leblog.prismemploi.eu\/#organization\"},\"potentialAction\":[{\"@type\":\"SearchAction\",\"target\":{\"@type\":\"EntryPoint\",\"urlTemplate\":\"https:\/\/leblog.prismemploi.eu\/?s={search_term_string}\"},\"query-input\":{\"@type\":\"PropertyValueSpecification\",\"valueRequired\":true,\"valueName\":\"search_term_string\"}}],\"inLanguage\":\"fr-FR\"},{\"@type\":\"Organization\",\"@id\":\"https:\/\/leblog.prismemploi.eu\/#organization\",\"name\":\"leBlog Prism'emploi\",\"url\":\"https:\/\/leblog.prismemploi.eu\/\",\"logo\":{\"@type\":\"ImageObject\",\"inLanguage\":\"fr-FR\",\"@id\":\"https:\/\/leblog.prismemploi.eu\/#\/schema\/logo\/image\/\",\"url\":\"https:\/\/leblog.prismemploi.eu\/wp-content\/uploads\/2021\/07\/logo_carre.png\",\"contentUrl\":\"https:\/\/leblog.prismemploi.eu\/wp-content\/uploads\/2021\/07\/logo_carre.png\",\"width\":512,\"height\":512,\"caption\":\"leBlog Prism'emploi\"},\"image\":{\"@id\":\"https:\/\/leblog.prismemploi.eu\/#\/schema\/logo\/image\/\"}},{\"@type\":\"Person\",\"@id\":\"https:\/\/leblog.prismemploi.eu\/#\/schema\/person\/c299598ca9f3a58e8a9a5baf6183664d\",\"name\":\"St\u00e9phane VALLI\",\"image\":{\"@type\":\"ImageObject\",\"inLanguage\":\"fr-FR\",\"@id\":\"https:\/\/leblog.prismemploi.eu\/#\/schema\/person\/image\/\",\"url\":\"https:\/\/leblog.prismemploi.eu\/wp-content\/uploads\/2024\/04\/StephaneValli_BD-96x96.jpg\",\"contentUrl\":\"https:\/\/leblog.prismemploi.eu\/wp-content\/uploads\/2024\/04\/StephaneValli_BD-96x96.jpg\",\"caption\":\"St\u00e9phane VALLI\"},\"description\":\"Titulaire d\u2019un doctorat en Economie Internationale, St\u00e9phane VALLI d\u00e9bute sa carri\u00e8re professionnelle dans l\u2019enseignement. En parall\u00e8le, il devient adjoint au Maire de Bonneville en 1995, puis 1er adjoint avant d\u2019en devenir le Maire depuis 2015. Il assure la vice-pr\u00e9sidence de la Communaut\u00e9 de Communes Faucigny-Gli\u00e8res en 2006 et en devient pr\u00e9sident en 2014. St\u00e9phane Valli s\u2019implique \u00e9galement dans la gouvernance de nombreuses structures d\u2019int\u00e9r\u00eat g\u00e9n\u00e9ral et r\u00e9gies publiques et au niveau international, est \u00e0 la pr\u00e9sidence du Groupe Pays Niger au sein du r\u00e9seau de collectivit\u00e9s Cit\u00e9s-Unies France. Du c\u00f4t\u00e9 des Missions Locales, il devient, en 2001, pr\u00e9sident de la Mission Locale Jeune du Faucigny-Mont-Blanc. Puis il rejoint, en 2008, les instances r\u00e9gionales et nationales du r\u00e9seau des Missions Locales. Au sein de l\u2019Union Nationale des Missions Locales, il assumera notamment les responsabilit\u00e9s de tr\u00e9sorier et de pr\u00e9sident de la Commission Paritaire Nationale de N\u00e9gociation de la Branche avant d\u2019\u00eatre \u00e9lu pr\u00e9sident de l\u2019Union \u00e0 l\u2019occasion de l\u2019Assembl\u00e9e g\u00e9n\u00e9rale du 8 d\u00e9cembre 2020.\",\"url\":\"https:\/\/leblog.prismemploi.eu\/index.php\/author\/stephane-valli\/\"}]}<\/script>\n<!-- \/ Yoast SEO plugin. -->","yoast_head_json":{"title":"La d\u00e9marche Mission Jeunes f\u00eate ses 10 ans - leBlog Prism&#039;emploi","robots":{"index":"index","follow":"follow","max-snippet":"max-snippet:-1","max-image-preview":"max-image-preview:large","max-video-preview":"max-video-preview:-1"},"canonical":"https:\/\/leblog.prismemploi.eu\/index.php\/2024\/04\/25\/la-demarche-mission-jeunes-fete-ses-10-ans\/","og_locale":"fr_FR","og_type":"article","og_title":"La d\u00e9marche Mission Jeunes f\u00eate ses 10 ans - leBlog Prism&#039;emploi","og_description":"Trois questions \u00e0 St\u00e9phane VALLI, Pr\u00e9sident de l&rsquo;Union Nationale des Missions Locales. Pouvez-vous d\u00e9crire le type d\u2019accompagnement que les Missions Locales offrent aux jeunes ? Suite \u00e0 un diagnostic de leur situation, les Missions Locales proposent aux jeunes de 16 \u00e0 25 ans (30 ans pour les jeunes en situation de handicap), un parcours d\u2019accompagnement [&hellip;]","og_url":"https:\/\/leblog.prismemploi.eu\/index.php\/2024\/04\/25\/la-demarche-mission-jeunes-fete-ses-10-ans\/","og_site_name":"leBlog Prism&#039;emploi","article_published_time":"2024-04-25T14:09:43+00:00","article_modified_time":"2024-04-25T14:09:44+00:00","og_image":[{"width":724,"height":483,"url":"https:\/\/leblog.prismemploi.eu\/wp-content\/uploads\/2024\/04\/v2.jpg","type":"image\/jpeg"}],"author":"St\u00e9phane VALLI","twitter_card":"summary_large_image","twitter_misc":{"\u00c9crit par":"St\u00e9phane VALLI","Dur\u00e9e de lecture estim\u00e9e":"4 minutes"},"schema":{"@context":"https:\/\/schema.org","@graph":[{"@type":"Article","@id":"https:\/\/leblog.prismemploi.eu\/index.php\/2024\/04\/25\/la-demarche-mission-jeunes-fete-ses-10-ans\/#article","isPartOf":{"@id":"https:\/\/leblog.prismemploi.eu\/index.php\/2024\/04\/25\/la-demarche-mission-jeunes-fete-ses-10-ans\/"},"author":{"name":"St\u00e9phane VALLI","@id":"https:\/\/leblog.prismemploi.eu\/#\/schema\/person\/c299598ca9f3a58e8a9a5baf6183664d"},"headline":"La d\u00e9marche Mission Jeunes f\u00eate ses 10 ans","datePublished":"2024-04-25T14:09:43+00:00","dateModified":"2024-04-25T14:09:44+00:00","mainEntityOfPage":{"@id":"https:\/\/leblog.prismemploi.eu\/index.php\/2024\/04\/25\/la-demarche-mission-jeunes-fete-ses-10-ans\/"},"wordCount":747,"commentCount":0,"publisher":{"@id":"https:\/\/leblog.prismemploi.eu\/#organization"},"image":{"@id":"https:\/\/leblog.prismemploi.eu\/index.php\/2024\/04\/25\/la-demarche-mission-jeunes-fete-ses-10-ans\/#primaryimage"},"thumbnailUrl":"https:\/\/leblog.prismemploi.eu\/wp-content\/uploads\/2024\/04\/v2.jpg","keywords":["#T\u00e9moignage"],"articleSection":["Coop\u00e9rations"],"inLanguage":"fr-FR","potentialAction":[{"@type":"CommentAction","name":"Comment","target":["https:\/\/leblog.prismemploi.eu\/index.php\/2024\/04\/25\/la-demarche-mission-jeunes-fete-ses-10-ans\/#respond"]}]},{"@type":"WebPage","@id":"https:\/\/leblog.prismemploi.eu\/index.php\/2024\/04\/25\/la-demarche-mission-jeunes-fete-ses-10-ans\/","url":"https:\/\/leblog.prismemploi.eu\/index.php\/2024\/04\/25\/la-demarche-mission-jeunes-fete-ses-10-ans\/","name":"La d\u00e9marche Mission Jeunes f\u00eate ses 10 ans - leBlog Prism&#039;emploi","isPartOf":{"@id":"https:\/\/leblog.prismemploi.eu\/#website"},"primaryImageOfPage":{"@id":"https:\/\/leblog.prismemploi.eu\/index.php\/2024\/04\/25\/la-demarche-mission-jeunes-fete-ses-10-ans\/#primaryimage"},"image":{"@id":"https:\/\/leblog.prismemploi.eu\/index.php\/2024\/04\/25\/la-demarche-mission-jeunes-fete-ses-10-ans\/#primaryimage"},"thumbnailUrl":"https:\/\/leblog.prismemploi.eu\/wp-content\/uploads\/2024\/04\/v2.jpg","datePublished":"2024-04-25T14:09:43+00:00","dateModified":"2024-04-25T14:09:44+00:00","breadcrumb":{"@id":"https:\/\/leblog.prismemploi.eu\/index.php\/2024\/04\/25\/la-demarche-mission-jeunes-fete-ses-10-ans\/#breadcrumb"},"inLanguage":"fr-FR","potentialAction":[{"@type":"ReadAction","target":["https:\/\/leblog.prismemploi.eu\/index.php\/2024\/04\/25\/la-demarche-mission-jeunes-fete-ses-10-ans\/"]}]},{"@type":"ImageObject","inLanguage":"fr-FR","@id":"https:\/\/leblog.prismemploi.eu\/index.php\/2024\/04\/25\/la-demarche-mission-jeunes-fete-ses-10-ans\/#primaryimage","url":"https:\/\/leblog.prismemploi.eu\/wp-content\/uploads\/2024\/04\/v2.jpg","contentUrl":"https:\/\/leblog.prismemploi.eu\/wp-content\/uploads\/2024\/04\/v2.jpg","width":724,"height":483,"caption":"Young woman showing something on the laptop to her friends on university stairs"},{"@type":"BreadcrumbList","@id":"https:\/\/leblog.prismemploi.eu\/index.php\/2024\/04\/25\/la-demarche-mission-jeunes-fete-ses-10-ans\/#breadcrumb","itemListElement":[{"@type":"ListItem","position":1,"name":"Accueil","item":"https:\/\/leblog.prismemploi.eu\/"},{"@type":"ListItem","position":2,"name":"La d\u00e9marche Mission Jeunes f\u00eate ses 10 ans"}]},{"@type":"WebSite","@id":"https:\/\/leblog.prismemploi.eu\/#website","url":"https:\/\/leblog.prismemploi.eu\/","name":"leBlog Prism'emploi","description":"Innovons pour l&#039;emploi","publisher":{"@id":"https:\/\/leblog.prismemploi.eu\/#organization"},"potentialAction":[{"@type":"SearchAction","target":{"@type":"EntryPoint","urlTemplate":"https:\/\/leblog.prismemploi.eu\/?s={search_term_string}"},"query-input":{"@type":"PropertyValueSpecification","valueRequired":true,"valueName":"search_term_string"}}],"inLanguage":"fr-FR"},{"@type":"Organization","@id":"https:\/\/leblog.prismemploi.eu\/#organization","name":"leBlog Prism'emploi","url":"https:\/\/leblog.prismemploi.eu\/","logo":{"@type":"ImageObject","inLanguage":"fr-FR","@id":"https:\/\/leblog.prismemploi.eu\/#\/schema\/logo\/image\/","url":"https:\/\/leblog.prismemploi.eu\/wp-content\/uploads\/2021\/07\/logo_carre.png","contentUrl":"https:\/\/leblog.prismemploi.eu\/wp-content\/uploads\/2021\/07\/logo_carre.png","width":512,"height":512,"caption":"leBlog Prism'emploi"},"image":{"@id":"https:\/\/leblog.prismemploi.eu\/#\/schema\/logo\/image\/"}},{"@type":"Person","@id":"https:\/\/leblog.prismemploi.eu\/#\/schema\/person\/c299598ca9f3a58e8a9a5baf6183664d","name":"St\u00e9phane VALLI","image":{"@type":"ImageObject","inLanguage":"fr-FR","@id":"https:\/\/leblog.prismemploi.eu\/#\/schema\/person\/image\/","url":"https:\/\/leblog.prismemploi.eu\/wp-content\/uploads\/2024\/04\/StephaneValli_BD-96x96.jpg","contentUrl":"https:\/\/leblog.prismemploi.eu\/wp-content\/uploads\/2024\/04\/StephaneValli_BD-96x96.jpg","caption":"St\u00e9phane VALLI"},"description":"Titulaire d\u2019un doctorat en Economie Internationale, St\u00e9phane VALLI d\u00e9bute sa carri\u00e8re professionnelle dans l\u2019enseignement. En parall\u00e8le, il devient adjoint au Maire de Bonneville en 1995, puis 1er adjoint avant d\u2019en devenir le Maire depuis 2015. Il assure la vice-pr\u00e9sidence de la Communaut\u00e9 de Communes Faucigny-Gli\u00e8res en 2006 et en devient pr\u00e9sident en 2014. St\u00e9phane Valli s\u2019implique \u00e9galement dans la gouvernance de nombreuses structures d\u2019int\u00e9r\u00eat g\u00e9n\u00e9ral et r\u00e9gies publiques et au niveau international, est \u00e0 la pr\u00e9sidence du Groupe Pays Niger au sein du r\u00e9seau de collectivit\u00e9s Cit\u00e9s-Unies France. Du c\u00f4t\u00e9 des Missions Locales, il devient, en 2001, pr\u00e9sident de la Mission Locale Jeune du Faucigny-Mont-Blanc. Puis il rejoint, en 2008, les instances r\u00e9gionales et nationales du r\u00e9seau des Missions Locales. Au sein de l\u2019Union Nationale des Missions Locales, il assumera notamment les responsabilit\u00e9s de tr\u00e9sorier et de pr\u00e9sident de la Commission Paritaire Nationale de N\u00e9gociation de la Branche avant d\u2019\u00eatre \u00e9lu pr\u00e9sident de l\u2019Union \u00e0 l\u2019occasion de l\u2019Assembl\u00e9e g\u00e9n\u00e9rale du 8 d\u00e9cembre 2020.","url":"https:\/\/leblog.prismemploi.eu\/index.php\/author\/stephane-valli\/"}]}},"_links":{"self":[{"href":"https:\/\/leblog.prismemploi.eu\/index.php\/wp-json\/wp\/v2\/posts\/1401","targetHints":{"allow":["GET"]}}],"collection":[{"href":"https:\/\/leblog.prismemploi.eu\/index.php\/wp-json\/wp\/v2\/posts"}],"about":[{"href":"https:\/\/leblog.prismemploi.eu\/index.php\/wp-json\/wp\/v2\/types\/post"}],"author":[{"embeddable":true,"href":"https:\/\/leblog.prismemploi.eu\/index.php\/wp-json\/wp\/v2\/users\/25"}],"replies":[{"embeddable":true,"href":"https:\/\/leblog.prismemploi.eu\/index.php\/wp-json\/wp\/v2\/comments?post=1401"}],"version-history":[{"count":2,"href":"https:\/\/leblog.prismemploi.eu\/index.php\/wp-json\/wp\/v2\/posts\/1401\/revisions"}],"predecessor-version":[{"id":1403,"href":"https:\/\/leblog.prismemploi.eu\/index.php\/wp-json\/wp\/v2\/posts\/1401\/revisions\/1403"}],"wp:featuredmedia":[{"embeddable":true,"href":"https:\/\/leblog.prismemploi.eu\/index.php\/wp-json\/wp\/v2\/media\/1404"}],"wp:attachment":[{"href":"https:\/\/leblog.prismemploi.eu\/index.php\/wp-json\/wp\/v2\/media?parent=1401"}],"wp:term":[{"taxonomy":"category","embeddable":true,"href":"https:\/\/leblog.prismemploi.eu\/index.php\/wp-json\/wp\/v2\/categories?post=1401"},{"taxonomy":"post_tag","embeddable":true,"href":"https:\/\/leblog.prismemploi.eu\/index.php\/wp-json\/wp\/v2\/tags?post=1401"}],"curies":[{"name":"wp","href":"https:\/\/api.w.org\/{rel}","templated":true}]}}