{"id":1194,"date":"2022-05-11T17:37:31","date_gmt":"2022-05-11T15:37:31","guid":{"rendered":"https:\/\/leblog.prismemploi.eu\/?p=1194"},"modified":"2022-05-11T17:37:33","modified_gmt":"2022-05-11T15:37:33","slug":"mission-jeunes-mobilisation-en-faveur-de-lemploi-des-jeunes","status":"publish","type":"post","link":"https:\/\/leblog.prismemploi.eu\/index.php\/2022\/05\/11\/mission-jeunes-mobilisation-en-faveur-de-lemploi-des-jeunes\/","title":{"rendered":"Mission Jeunes : mobilisation en faveur de l\u2019emploi des jeunes"},"content":{"rendered":"\n<h5 class=\"wp-block-heading\">Prism\u2019emploi, le Minist\u00e8re du Travail et l&rsquo;Union Nationale des Missions Locales ont renouvel\u00e9 leur engagement en faveur de l\u2019emploi des jeunes. Prolongement du partenariat initial sign\u00e9 en 2014 et renouvel\u00e9 en 2018, Mission Jeunes renforce les liens entre les agences d\u2019emploi et les missions locales pour faciliter l\u2019acc\u00e8s \u00e0 la qualification et \u00e0 l\u2019emploi des jeunes. Le FASTT, AKTO et le FPE-TT sont \u00e9galement signataires.<\/h5>\n\n\n\n<h6 class=\"wp-block-heading\"><strong>Une coop\u00e9ration public\/priv\u00e9 exemplaire au service des jeunes<\/strong><\/h6>\n\n\n\n<p>Les acteurs publics et priv\u00e9s de l\u2019emploi ont d\u00e9ploy\u00e9 de nombreux outils durant la crise pour accompagner les jeunes et les employeurs, dans le cadre du plan gouvernemental \u00ab Un jeune, une solution \u00bb lanc\u00e9 en 2020. Fin 2021, le Minist\u00e8re du Travail, le r\u00e9seau des Missions locales et les acteurs de la branche du travail temporaire, Prism\u2019emploi, le FASTT, AKTO et le FPE-TT, ont sign\u00e9 un nouvel accord cadre afin de maintenir la dynamique partenariale et la p\u00e9renniser \u00e0 l\u2019\u00e9chelon r\u00e9gional et territorial. Les services de l\u2019Etat, les \u00e9quipes territoriales de la branche du travail temporaire, les agences d\u2019emploi et les Missions locales mettent en commun leurs outils et dispositifs d\u2019accompagnement pour pr\u00e9parer les jeunes \u00e0 l\u2019emploi et lever les freins qu\u2019ils rencontrent dans leur parcours.<\/p>\n\n\n\n<p>La reconduction de l\u2019accord traduit une volont\u00e9 de p\u00e9rennisation et d\u2019ancrage des actions men\u00e9es compte-tenu des r\u00e9sultats obtenus, bien mis en valeur par le bilan du partenariat pr\u00e9c\u00e9dent. Depuis 2014, plus de 1 600 agences d\u2019emploi partenaires se sont mobilis\u00e9es aupr\u00e8s de 250 missions locales, permettant ainsi de proposer plus de 168 000 missions d\u2019int\u00e9rim \u00e0 des jeunes. Parmi ces derniers, 58 000 ont b\u00e9n\u00e9fici\u00e9 d\u2019un accompagnement intensif dans le cadre du dispositif de la Garantie Jeunes, le Contrat d\u2019Engagement Jeunes ayant d\u00e9sormais pris le relais.<\/p>\n\n\n\n<blockquote class=\"wp-block-quote is-layout-flow wp-block-quote-is-layout-flow\"><p>\u201cNous accompagnons les jeunes vers l\u2019autonomie\u201d<\/p><\/blockquote>\n\n\n\n<figure class=\"wp-block-image size-full is-resized\"><img loading=\"lazy\" decoding=\"async\" src=\"https:\/\/leblog.prismemploi.eu\/wp-content\/uploads\/2022\/05\/Yanis-IDIRENE-V3.jpg\" alt=\"\" class=\"wp-image-1211\" width=\"163\" height=\"236\"\/><figcaption>Yanis Idirene, conseiller r\u00e9f\u00e9rent Garantie Jeunes \u00e0&nbsp;la Mission locale du Pays de Vierzon.&nbsp;<\/figcaption><\/figure>\n\n\n\n<h6 class=\"wp-block-heading\"><strong>Trois objectifs majeurs<\/strong><\/h6>\n\n\n\n<p>L&rsquo;accord se d\u00e9ploie autour de 3 axes :<\/p>\n\n\n\n<ol class=\"wp-block-list\"><li>Rapprocher les jeunes et les entreprises\u202f:<ul><li>Mettre en relation les entreprises par le biais de sessions de recrutement ou de forums\u202f;<\/li><li>Promouvoir les m\u00e9tiers, par des visites d\u2019entreprises<\/li><\/ul><\/li><li>Faciliter l\u2019acc\u00e8s \u00e0 l\u2019emploi et \u00e0 la qualification :<ul><li>Pr\u00e9parer les jeunes aux entretiens de recrutement et sensibilisation aux codes de l\u2019entreprise<\/li><li>Mettre \u00e0 disposition des outils num\u00e9riques pour travailler les softskills et les comp\u00e9tences (Mission possible, Testyourselfie, EvoluCap\u2026)\u202f;<\/li><li>D\u00e9velopper et mettre en \u0153uvre des projets formation.<\/li><\/ul><\/li><li>Lever les freins p\u00e9riph\u00e9riques \u00e0 l\u2019emploi, notamment gr\u00e2ce aux solutions apport\u00e9es par le FASTT (garantie d\u2019acc\u00e8s au logement, solutions de garde d\u2019enfants, services de location de v\u00e9hicules\u2026).<\/li><\/ol>\n\n\n\n<h6 class=\"wp-block-heading\"><strong>L\u2019int\u00e9rim : un tremplin vers l\u2019emploi<\/strong><\/h6>\n\n\n\n<p>Gr\u00e2ce \u00e0 la collaboration de tous les acteurs, le programme permet de proposer aux jeunes l\u2019acc\u00e8s \u00e0 des missions d\u2019int\u00e9rim et \u00e0 une offre de services d\u2019accompagnement, allant de la pr\u00e9paration des jeunes \u00e0 la lev\u00e9e des freins p\u00e9riph\u00e9riques \u00e0 l\u2019emploi, en passant par des actions de mise en relation avec les entreprises et des programmes de formation. Pour les jeunes, en particulier ceux qui sont faiblement qualifi\u00e9s et sans exp\u00e9rience professionnelle, l\u2019int\u00e9rim constitue une v\u00e9ritable passerelle vers l\u2019emploi et la qualification en leur facilitant l\u2019acc\u00e8s \u00e0 une premi\u00e8re exp\u00e9rience professionnelle.<\/p>\n","protected":false},"excerpt":{"rendered":"<p>Prism\u2019emploi, le Minist\u00e8re du Travail et l&rsquo;Union Nationale des Missions Locales ont renouvel\u00e9 leur engagement en faveur de l\u2019emploi des jeunes.<\/p>\n","protected":false},"author":3,"featured_media":1200,"comment_status":"open","ping_status":"open","sticky":false,"template":"","format":"standard","meta":{"footnotes":""},"categories":[22],"tags":[53],"class_list":{"0":"post-1194","1":"post","2":"type-post","3":"status-publish","4":"format-standard","5":"has-post-thumbnail","7":"category-focus-jeunes","8":"tag-decryptage"},"yoast_head":"<!-- This site is optimized with the Yoast SEO plugin v27.1.1 - https:\/\/yoast.com\/product\/yoast-seo-wordpress\/ -->\n<title>Mission Jeunes : mobilisation en faveur de l\u2019emploi des jeunes - leBlog Prism&#039;emploi<\/title>\n<meta name=\"description\" content=\"Prism\u2019emploi, le Minist\u00e8re du Travail et l&#039;Union Nationale des Missions Locales ont renouvel\u00e9 leur engagement en faveur de l\u2019emploi des jeunes.\" \/>\n<meta name=\"robots\" content=\"index, follow, max-snippet:-1, max-image-preview:large, max-video-preview:-1\" \/>\n<link rel=\"canonical\" href=\"https:\/\/leblog.prismemploi.eu\/index.php\/2022\/05\/11\/mission-jeunes-mobilisation-en-faveur-de-lemploi-des-jeunes\/\" \/>\n<meta property=\"og:locale\" content=\"fr_FR\" \/>\n<meta property=\"og:type\" content=\"article\" \/>\n<meta property=\"og:title\" content=\"Mission Jeunes : mobilisation en faveur de l\u2019emploi des jeunes - leBlog Prism&#039;emploi\" \/>\n<meta property=\"og:description\" content=\"Prism\u2019emploi, le Minist\u00e8re du Travail et l&#039;Union Nationale des Missions Locales ont renouvel\u00e9 leur engagement en faveur de l\u2019emploi des jeunes.\" \/>\n<meta property=\"og:url\" content=\"https:\/\/leblog.prismemploi.eu\/index.php\/2022\/05\/11\/mission-jeunes-mobilisation-en-faveur-de-lemploi-des-jeunes\/\" \/>\n<meta property=\"og:site_name\" content=\"leBlog Prism&#039;emploi\" \/>\n<meta property=\"article:published_time\" content=\"2022-05-11T15:37:31+00:00\" \/>\n<meta property=\"article:modified_time\" content=\"2022-05-11T15:37:33+00:00\" \/>\n<meta property=\"og:image\" content=\"https:\/\/leblog.prismemploi.eu\/wp-content\/uploads\/2022\/05\/Jeunes.jpg\" \/>\n\t<meta property=\"og:image:width\" content=\"1254\" \/>\n\t<meta property=\"og:image:height\" content=\"836\" \/>\n\t<meta property=\"og:image:type\" content=\"image\/jpeg\" \/>\n<meta name=\"author\" content=\"Prism&#039;emploi\" \/>\n<meta name=\"twitter:card\" content=\"summary_large_image\" \/>\n<meta name=\"twitter:label1\" content=\"\u00c9crit par\" \/>\n\t<meta name=\"twitter:data1\" content=\"Prism&#039;emploi\" \/>\n\t<meta name=\"twitter:label2\" content=\"Dur\u00e9e de lecture estim\u00e9e\" \/>\n\t<meta name=\"twitter:data2\" content=\"3 minutes\" \/>\n<script type=\"application\/ld+json\" class=\"yoast-schema-graph\">{\"@context\":\"https:\/\/schema.org\",\"@graph\":[{\"@type\":\"Article\",\"@id\":\"https:\/\/leblog.prismemploi.eu\/index.php\/2022\/05\/11\/mission-jeunes-mobilisation-en-faveur-de-lemploi-des-jeunes\/#article\",\"isPartOf\":{\"@id\":\"https:\/\/leblog.prismemploi.eu\/index.php\/2022\/05\/11\/mission-jeunes-mobilisation-en-faveur-de-lemploi-des-jeunes\/\"},\"author\":{\"name\":\"Prism'emploi\",\"@id\":\"https:\/\/leblog.prismemploi.eu\/#\/schema\/person\/c7e048b348cc1a40862de60fbe4a3bf6\"},\"headline\":\"Mission Jeunes : mobilisation en faveur de l\u2019emploi des jeunes\",\"datePublished\":\"2022-05-11T15:37:31+00:00\",\"dateModified\":\"2022-05-11T15:37:33+00:00\",\"mainEntityOfPage\":{\"@id\":\"https:\/\/leblog.prismemploi.eu\/index.php\/2022\/05\/11\/mission-jeunes-mobilisation-en-faveur-de-lemploi-des-jeunes\/\"},\"wordCount\":584,\"commentCount\":0,\"publisher\":{\"@id\":\"https:\/\/leblog.prismemploi.eu\/#organization\"},\"image\":{\"@id\":\"https:\/\/leblog.prismemploi.eu\/index.php\/2022\/05\/11\/mission-jeunes-mobilisation-en-faveur-de-lemploi-des-jeunes\/#primaryimage\"},\"thumbnailUrl\":\"https:\/\/leblog.prismemploi.eu\/wp-content\/uploads\/2022\/05\/Jeunes.jpg\",\"keywords\":[\"#D\u00e9cryptage\"],\"articleSection\":[\"Focus Jeunes\"],\"inLanguage\":\"fr-FR\",\"potentialAction\":[{\"@type\":\"CommentAction\",\"name\":\"Comment\",\"target\":[\"https:\/\/leblog.prismemploi.eu\/index.php\/2022\/05\/11\/mission-jeunes-mobilisation-en-faveur-de-lemploi-des-jeunes\/#respond\"]}]},{\"@type\":\"WebPage\",\"@id\":\"https:\/\/leblog.prismemploi.eu\/index.php\/2022\/05\/11\/mission-jeunes-mobilisation-en-faveur-de-lemploi-des-jeunes\/\",\"url\":\"https:\/\/leblog.prismemploi.eu\/index.php\/2022\/05\/11\/mission-jeunes-mobilisation-en-faveur-de-lemploi-des-jeunes\/\",\"name\":\"Mission Jeunes : mobilisation en faveur de l\u2019emploi des jeunes - leBlog Prism&#039;emploi\",\"isPartOf\":{\"@id\":\"https:\/\/leblog.prismemploi.eu\/#website\"},\"primaryImageOfPage\":{\"@id\":\"https:\/\/leblog.prismemploi.eu\/index.php\/2022\/05\/11\/mission-jeunes-mobilisation-en-faveur-de-lemploi-des-jeunes\/#primaryimage\"},\"image\":{\"@id\":\"https:\/\/leblog.prismemploi.eu\/index.php\/2022\/05\/11\/mission-jeunes-mobilisation-en-faveur-de-lemploi-des-jeunes\/#primaryimage\"},\"thumbnailUrl\":\"https:\/\/leblog.prismemploi.eu\/wp-content\/uploads\/2022\/05\/Jeunes.jpg\",\"datePublished\":\"2022-05-11T15:37:31+00:00\",\"dateModified\":\"2022-05-11T15:37:33+00:00\",\"description\":\"Prism\u2019emploi, le Minist\u00e8re du Travail et l'Union Nationale des Missions Locales ont renouvel\u00e9 leur engagement en faveur de l\u2019emploi des jeunes.\",\"breadcrumb\":{\"@id\":\"https:\/\/leblog.prismemploi.eu\/index.php\/2022\/05\/11\/mission-jeunes-mobilisation-en-faveur-de-lemploi-des-jeunes\/#breadcrumb\"},\"inLanguage\":\"fr-FR\",\"potentialAction\":[{\"@type\":\"ReadAction\",\"target\":[\"https:\/\/leblog.prismemploi.eu\/index.php\/2022\/05\/11\/mission-jeunes-mobilisation-en-faveur-de-lemploi-des-jeunes\/\"]}]},{\"@type\":\"ImageObject\",\"inLanguage\":\"fr-FR\",\"@id\":\"https:\/\/leblog.prismemploi.eu\/index.php\/2022\/05\/11\/mission-jeunes-mobilisation-en-faveur-de-lemploi-des-jeunes\/#primaryimage\",\"url\":\"https:\/\/leblog.prismemploi.eu\/wp-content\/uploads\/2022\/05\/Jeunes.jpg\",\"contentUrl\":\"https:\/\/leblog.prismemploi.eu\/wp-content\/uploads\/2022\/05\/Jeunes.jpg\",\"width\":1254,\"height\":836,\"caption\":\"It's through diversity that we discover strength\"},{\"@type\":\"BreadcrumbList\",\"@id\":\"https:\/\/leblog.prismemploi.eu\/index.php\/2022\/05\/11\/mission-jeunes-mobilisation-en-faveur-de-lemploi-des-jeunes\/#breadcrumb\",\"itemListElement\":[{\"@type\":\"ListItem\",\"position\":1,\"name\":\"Accueil\",\"item\":\"https:\/\/leblog.prismemploi.eu\/\"},{\"@type\":\"ListItem\",\"position\":2,\"name\":\"Mission Jeunes : mobilisation en faveur de l\u2019emploi des jeunes\"}]},{\"@type\":\"WebSite\",\"@id\":\"https:\/\/leblog.prismemploi.eu\/#website\",\"url\":\"https:\/\/leblog.prismemploi.eu\/\",\"name\":\"leBlog Prism'emploi\",\"description\":\"Innovons pour l&#039;emploi\",\"publisher\":{\"@id\":\"https:\/\/leblog.prismemploi.eu\/#organization\"},\"potentialAction\":[{\"@type\":\"SearchAction\",\"target\":{\"@type\":\"EntryPoint\",\"urlTemplate\":\"https:\/\/leblog.prismemploi.eu\/?s={search_term_string}\"},\"query-input\":{\"@type\":\"PropertyValueSpecification\",\"valueRequired\":true,\"valueName\":\"search_term_string\"}}],\"inLanguage\":\"fr-FR\"},{\"@type\":\"Organization\",\"@id\":\"https:\/\/leblog.prismemploi.eu\/#organization\",\"name\":\"leBlog Prism'emploi\",\"url\":\"https:\/\/leblog.prismemploi.eu\/\",\"logo\":{\"@type\":\"ImageObject\",\"inLanguage\":\"fr-FR\",\"@id\":\"https:\/\/leblog.prismemploi.eu\/#\/schema\/logo\/image\/\",\"url\":\"https:\/\/leblog.prismemploi.eu\/wp-content\/uploads\/2021\/07\/logo_carre.png\",\"contentUrl\":\"https:\/\/leblog.prismemploi.eu\/wp-content\/uploads\/2021\/07\/logo_carre.png\",\"width\":512,\"height\":512,\"caption\":\"leBlog Prism'emploi\"},\"image\":{\"@id\":\"https:\/\/leblog.prismemploi.eu\/#\/schema\/logo\/image\/\"}},{\"@type\":\"Person\",\"@id\":\"https:\/\/leblog.prismemploi.eu\/#\/schema\/person\/c7e048b348cc1a40862de60fbe4a3bf6\",\"name\":\"Prism'emploi\",\"image\":{\"@type\":\"ImageObject\",\"inLanguage\":\"fr-FR\",\"@id\":\"https:\/\/leblog.prismemploi.eu\/#\/schema\/person\/image\/\",\"url\":\"https:\/\/leblog.prismemploi.eu\/wp-content\/uploads\/2021\/07\/logo_carre-96x96.png\",\"contentUrl\":\"https:\/\/leblog.prismemploi.eu\/wp-content\/uploads\/2021\/07\/logo_carre-96x96.png\",\"caption\":\"Prism'emploi\"},\"description\":\"Prism\u2019emploi - Professionnels du recrutement et de l\u2019int\u00e9rim - est l\u2019organisation professionnelle, qui regroupe plus de 600 entreprises de toutes tailles, pr\u00e9sentes sur l\u2019ensemble du territoire gr\u00e2ce \u00e0 leurs 10 000 agences d\u2019emploi.\",\"sameAs\":[\"http:\/\/prismemploi.eu\"],\"url\":\"https:\/\/leblog.prismemploi.eu\/index.php\/author\/leblogprismemploigmail-com\/\"}]}<\/script>\n<!-- \/ Yoast SEO plugin. -->","yoast_head_json":{"title":"Mission Jeunes : mobilisation en faveur de l\u2019emploi des jeunes - leBlog Prism&#039;emploi","description":"Prism\u2019emploi, le Minist\u00e8re du Travail et l'Union Nationale des Missions Locales ont renouvel\u00e9 leur engagement en faveur de l\u2019emploi des jeunes.","robots":{"index":"index","follow":"follow","max-snippet":"max-snippet:-1","max-image-preview":"max-image-preview:large","max-video-preview":"max-video-preview:-1"},"canonical":"https:\/\/leblog.prismemploi.eu\/index.php\/2022\/05\/11\/mission-jeunes-mobilisation-en-faveur-de-lemploi-des-jeunes\/","og_locale":"fr_FR","og_type":"article","og_title":"Mission Jeunes : mobilisation en faveur de l\u2019emploi des jeunes - leBlog Prism&#039;emploi","og_description":"Prism\u2019emploi, le Minist\u00e8re du Travail et l'Union Nationale des Missions Locales ont renouvel\u00e9 leur engagement en faveur de l\u2019emploi des jeunes.","og_url":"https:\/\/leblog.prismemploi.eu\/index.php\/2022\/05\/11\/mission-jeunes-mobilisation-en-faveur-de-lemploi-des-jeunes\/","og_site_name":"leBlog Prism&#039;emploi","article_published_time":"2022-05-11T15:37:31+00:00","article_modified_time":"2022-05-11T15:37:33+00:00","og_image":[{"width":1254,"height":836,"url":"https:\/\/leblog.prismemploi.eu\/wp-content\/uploads\/2022\/05\/Jeunes.jpg","type":"image\/jpeg"}],"author":"Prism'emploi","twitter_card":"summary_large_image","twitter_misc":{"\u00c9crit par":"Prism'emploi","Dur\u00e9e de lecture estim\u00e9e":"3 minutes"},"schema":{"@context":"https:\/\/schema.org","@graph":[{"@type":"Article","@id":"https:\/\/leblog.prismemploi.eu\/index.php\/2022\/05\/11\/mission-jeunes-mobilisation-en-faveur-de-lemploi-des-jeunes\/#article","isPartOf":{"@id":"https:\/\/leblog.prismemploi.eu\/index.php\/2022\/05\/11\/mission-jeunes-mobilisation-en-faveur-de-lemploi-des-jeunes\/"},"author":{"name":"Prism'emploi","@id":"https:\/\/leblog.prismemploi.eu\/#\/schema\/person\/c7e048b348cc1a40862de60fbe4a3bf6"},"headline":"Mission Jeunes : mobilisation en faveur de l\u2019emploi des jeunes","datePublished":"2022-05-11T15:37:31+00:00","dateModified":"2022-05-11T15:37:33+00:00","mainEntityOfPage":{"@id":"https:\/\/leblog.prismemploi.eu\/index.php\/2022\/05\/11\/mission-jeunes-mobilisation-en-faveur-de-lemploi-des-jeunes\/"},"wordCount":584,"commentCount":0,"publisher":{"@id":"https:\/\/leblog.prismemploi.eu\/#organization"},"image":{"@id":"https:\/\/leblog.prismemploi.eu\/index.php\/2022\/05\/11\/mission-jeunes-mobilisation-en-faveur-de-lemploi-des-jeunes\/#primaryimage"},"thumbnailUrl":"https:\/\/leblog.prismemploi.eu\/wp-content\/uploads\/2022\/05\/Jeunes.jpg","keywords":["#D\u00e9cryptage"],"articleSection":["Focus Jeunes"],"inLanguage":"fr-FR","potentialAction":[{"@type":"CommentAction","name":"Comment","target":["https:\/\/leblog.prismemploi.eu\/index.php\/2022\/05\/11\/mission-jeunes-mobilisation-en-faveur-de-lemploi-des-jeunes\/#respond"]}]},{"@type":"WebPage","@id":"https:\/\/leblog.prismemploi.eu\/index.php\/2022\/05\/11\/mission-jeunes-mobilisation-en-faveur-de-lemploi-des-jeunes\/","url":"https:\/\/leblog.prismemploi.eu\/index.php\/2022\/05\/11\/mission-jeunes-mobilisation-en-faveur-de-lemploi-des-jeunes\/","name":"Mission Jeunes : mobilisation en faveur de l\u2019emploi des jeunes - leBlog Prism&#039;emploi","isPartOf":{"@id":"https:\/\/leblog.prismemploi.eu\/#website"},"primaryImageOfPage":{"@id":"https:\/\/leblog.prismemploi.eu\/index.php\/2022\/05\/11\/mission-jeunes-mobilisation-en-faveur-de-lemploi-des-jeunes\/#primaryimage"},"image":{"@id":"https:\/\/leblog.prismemploi.eu\/index.php\/2022\/05\/11\/mission-jeunes-mobilisation-en-faveur-de-lemploi-des-jeunes\/#primaryimage"},"thumbnailUrl":"https:\/\/leblog.prismemploi.eu\/wp-content\/uploads\/2022\/05\/Jeunes.jpg","datePublished":"2022-05-11T15:37:31+00:00","dateModified":"2022-05-11T15:37:33+00:00","description":"Prism\u2019emploi, le Minist\u00e8re du Travail et l'Union Nationale des Missions Locales ont renouvel\u00e9 leur engagement en faveur de l\u2019emploi des jeunes.","breadcrumb":{"@id":"https:\/\/leblog.prismemploi.eu\/index.php\/2022\/05\/11\/mission-jeunes-mobilisation-en-faveur-de-lemploi-des-jeunes\/#breadcrumb"},"inLanguage":"fr-FR","potentialAction":[{"@type":"ReadAction","target":["https:\/\/leblog.prismemploi.eu\/index.php\/2022\/05\/11\/mission-jeunes-mobilisation-en-faveur-de-lemploi-des-jeunes\/"]}]},{"@type":"ImageObject","inLanguage":"fr-FR","@id":"https:\/\/leblog.prismemploi.eu\/index.php\/2022\/05\/11\/mission-jeunes-mobilisation-en-faveur-de-lemploi-des-jeunes\/#primaryimage","url":"https:\/\/leblog.prismemploi.eu\/wp-content\/uploads\/2022\/05\/Jeunes.jpg","contentUrl":"https:\/\/leblog.prismemploi.eu\/wp-content\/uploads\/2022\/05\/Jeunes.jpg","width":1254,"height":836,"caption":"It's through diversity that we discover strength"},{"@type":"BreadcrumbList","@id":"https:\/\/leblog.prismemploi.eu\/index.php\/2022\/05\/11\/mission-jeunes-mobilisation-en-faveur-de-lemploi-des-jeunes\/#breadcrumb","itemListElement":[{"@type":"ListItem","position":1,"name":"Accueil","item":"https:\/\/leblog.prismemploi.eu\/"},{"@type":"ListItem","position":2,"name":"Mission Jeunes : mobilisation en faveur de l\u2019emploi des jeunes"}]},{"@type":"WebSite","@id":"https:\/\/leblog.prismemploi.eu\/#website","url":"https:\/\/leblog.prismemploi.eu\/","name":"leBlog Prism'emploi","description":"Innovons pour l&#039;emploi","publisher":{"@id":"https:\/\/leblog.prismemploi.eu\/#organization"},"potentialAction":[{"@type":"SearchAction","target":{"@type":"EntryPoint","urlTemplate":"https:\/\/leblog.prismemploi.eu\/?s={search_term_string}"},"query-input":{"@type":"PropertyValueSpecification","valueRequired":true,"valueName":"search_term_string"}}],"inLanguage":"fr-FR"},{"@type":"Organization","@id":"https:\/\/leblog.prismemploi.eu\/#organization","name":"leBlog Prism'emploi","url":"https:\/\/leblog.prismemploi.eu\/","logo":{"@type":"ImageObject","inLanguage":"fr-FR","@id":"https:\/\/leblog.prismemploi.eu\/#\/schema\/logo\/image\/","url":"https:\/\/leblog.prismemploi.eu\/wp-content\/uploads\/2021\/07\/logo_carre.png","contentUrl":"https:\/\/leblog.prismemploi.eu\/wp-content\/uploads\/2021\/07\/logo_carre.png","width":512,"height":512,"caption":"leBlog Prism'emploi"},"image":{"@id":"https:\/\/leblog.prismemploi.eu\/#\/schema\/logo\/image\/"}},{"@type":"Person","@id":"https:\/\/leblog.prismemploi.eu\/#\/schema\/person\/c7e048b348cc1a40862de60fbe4a3bf6","name":"Prism'emploi","image":{"@type":"ImageObject","inLanguage":"fr-FR","@id":"https:\/\/leblog.prismemploi.eu\/#\/schema\/person\/image\/","url":"https:\/\/leblog.prismemploi.eu\/wp-content\/uploads\/2021\/07\/logo_carre-96x96.png","contentUrl":"https:\/\/leblog.prismemploi.eu\/wp-content\/uploads\/2021\/07\/logo_carre-96x96.png","caption":"Prism'emploi"},"description":"Prism\u2019emploi - Professionnels du recrutement et de l\u2019int\u00e9rim - est l\u2019organisation professionnelle, qui regroupe plus de 600 entreprises de toutes tailles, pr\u00e9sentes sur l\u2019ensemble du territoire gr\u00e2ce \u00e0 leurs 10 000 agences d\u2019emploi.","sameAs":["http:\/\/prismemploi.eu"],"url":"https:\/\/leblog.prismemploi.eu\/index.php\/author\/leblogprismemploigmail-com\/"}]}},"_links":{"self":[{"href":"https:\/\/leblog.prismemploi.eu\/index.php\/wp-json\/wp\/v2\/posts\/1194","targetHints":{"allow":["GET"]}}],"collection":[{"href":"https:\/\/leblog.prismemploi.eu\/index.php\/wp-json\/wp\/v2\/posts"}],"about":[{"href":"https:\/\/leblog.prismemploi.eu\/index.php\/wp-json\/wp\/v2\/types\/post"}],"author":[{"embeddable":true,"href":"https:\/\/leblog.prismemploi.eu\/index.php\/wp-json\/wp\/v2\/users\/3"}],"replies":[{"embeddable":true,"href":"https:\/\/leblog.prismemploi.eu\/index.php\/wp-json\/wp\/v2\/comments?post=1194"}],"version-history":[{"count":7,"href":"https:\/\/leblog.prismemploi.eu\/index.php\/wp-json\/wp\/v2\/posts\/1194\/revisions"}],"predecessor-version":[{"id":1213,"href":"https:\/\/leblog.prismemploi.eu\/index.php\/wp-json\/wp\/v2\/posts\/1194\/revisions\/1213"}],"wp:featuredmedia":[{"embeddable":true,"href":"https:\/\/leblog.prismemploi.eu\/index.php\/wp-json\/wp\/v2\/media\/1200"}],"wp:attachment":[{"href":"https:\/\/leblog.prismemploi.eu\/index.php\/wp-json\/wp\/v2\/media?parent=1194"}],"wp:term":[{"taxonomy":"category","embeddable":true,"href":"https:\/\/leblog.prismemploi.eu\/index.php\/wp-json\/wp\/v2\/categories?post=1194"},{"taxonomy":"post_tag","embeddable":true,"href":"https:\/\/leblog.prismemploi.eu\/index.php\/wp-json\/wp\/v2\/tags?post=1194"}],"curies":[{"name":"wp","href":"https:\/\/api.w.org\/{rel}","templated":true}]}}