{"id":1172,"date":"2022-04-21T10:52:07","date_gmt":"2022-04-21T08:52:07","guid":{"rendered":"https:\/\/leblog.prismemploi.eu\/?p=1172"},"modified":"2022-05-11T15:36:47","modified_gmt":"2022-05-11T13:36:47","slug":"plateformes-demploi-un-jeu-dequilibrisme","status":"publish","type":"post","link":"https:\/\/leblog.prismemploi.eu\/index.php\/2022\/04\/21\/plateformes-demploi-un-jeu-dequilibrisme\/","title":{"rendered":"Plateformes d\u2019emploi : un jeu d\u2019\u00e9quilibrisme"},"content":{"rendered":"\n<h5 class=\"wp-block-heading\">Dans cette tribune, World Employment Confederation-Europe d\u00e9fend l\u2019id\u00e9e que ces plateformes ne sont pas une nouvelle forme de travail mais seulement une nouvelle fa\u00e7on de l\u2019organiser et que les principes de droit qui les r\u00e9gissent existent d\u00e9j\u00e0 et doivent donc \u00eatre respect\u00e9s.<\/h5>\n\n\n\n<h5 class=\"wp-block-heading\">Prism&#8217;emploi est membre de la World Employment Confederation.<\/h5>\n\n\n\n<div style=\"height:100px\" aria-hidden=\"true\" class=\"wp-block-spacer\"><\/div>\n\n\n\n<h4 class=\"wp-block-heading\"><strong>Plateformes d\u2019emploi : un jeu d\u2019\u00e9quilibrisme entre innovation technologique et protection des droits des travailleurs<\/strong><\/h4>\n\n\n\n<p><\/p>\n\n\n\n<p>La technologie a boulevers\u00e9 de nombreuses facettes de nos vies, y compris la fa\u00e7on dont nous travaillons. La digitalisation et l&rsquo;automatisation ont transform\u00e9 le concept traditionnel de lieu de travail permettant \u00e0 chacun de choisir plus librement quand et comment travailler.<\/p>\n\n\n\n<p>Le foisonnement de plateformes num\u00e9riques observ\u00e9 ces derni\u00e8res ann\u00e9es permet aux actifs de travailler dans de multiples secteurs allant de la livraison et du transport \u00e0 des services entre professionnels.<\/p>\n\n\n\n<p>Il convient de saluer cette innovation technologique, mais sa rapide expansion peut conduire \u00e0 rel\u00e9guer les lois et r\u00e9glementations existantes. L&rsquo;\u00e9conomie des plateformes n&rsquo;a pas \u00e9chapp\u00e9 au ph\u00e9nom\u00e8ne ce qui a donn\u00e9 lieu \u00e0 un d\u00e9bat acharn\u00e9 entre les repr\u00e9sentants syndicaux, les fonctionnaires, les politiciens et les travailleurs eux-m\u00eames. Les conflits juridiques tr\u00e8s m\u00e9diatis\u00e9s, comme celui relatif \u00e0 la classification des travailleurs d&rsquo;Uber, ont monopolis\u00e9 l&rsquo;attention des m\u00e9dias et inscrit ce sujet \u00e0 l\u2019agenda politique. En cons\u00e9quence, il n&rsquo;est pas surprenant que la Commission Europ\u00e9enne ait entrepris de lever l&rsquo;ambigu\u00eft\u00e9 juridique actuelle et de cr\u00e9er un cadre pour le travail via les plateformes dans l&rsquo;UE.<\/p>\n\n\n\n<p>La publication de la proposition de directive de la Commission sur le travail de plateforme en d\u00e9cembre dernier a \u00e9t\u00e9 salu\u00e9e par beaucoup, et consid\u00e9r\u00e9e comme une \u00e9tape cruciale pour permettre \u00e0 l\u2019\u00e9conomie de plateforme une croissance durable. Bien que notre secteur d\u2019activit\u00e9 soutienne l&rsquo;initiative de la Commission, certains sujets de la proposition m\u00e9ritent d\u2019\u00eatre trait\u00e9s pour garantir un r\u00e9sultat gagnant-gagnant, tant pour les plateformes que pour les travailleurs.<\/p>\n\n\n\n<p>Tout d\u2019abord, il convient de d\u00e9finir ce qu\u2019est le travail via les plateformes. Beaucoup le caract\u00e9risent comme une nouvelle forme de travail. Cependant, ne perdons pas de vue qu&rsquo;une grande partie de l&rsquo;\u00e9conomie des plateformes consiste seulement \u00e0 r\u00e9organiser notre fa\u00e7on de travailler, le travail et le droit qui le r\u00e9git \u00e9tant pr\u00e9existants \u00e0 l\u2019\u00e9mergence des plateformes.<\/p>\n\n\n\n<p>Les plateformes favorisent diverses mani\u00e8res d&rsquo;organiser le travail qui peuvent contribuer \u00e0 l&rsquo;inclusion sociale en \u00e9largissant au plus grand nombre l\u2019acc\u00e8s au march\u00e9 du travail pour valoriser leur talent.<\/p>\n\n\n\n<p>L&rsquo;une des questions cl\u00e9s au c\u0153ur de la proposition de la Commission concerne la classification des travailleurs. Selon la Commission, pr\u00e8s de 5,5 millions de personnes sont actuellement classifi\u00e9es de mani\u00e8re incorrecte. Cependant, la solution ne r\u00e9side pas uniquement dans la pr\u00e9somption d\u2019emploi salari\u00e9. La diversit\u00e9 au sein de l&rsquo;\u00e9conomie de plateforme m\u00e9rite une approche r\u00e9fl\u00e9chie et modulable de la classification du travail. Le risque \u00e9tant que les v\u00e9ritables travailleurs ind\u00e9pendants soient injustement priv\u00e9s de leurs droits.<\/p>\n\n\n\n<p>Cr\u00e9er des conditions de concurrence loyales et \u00e9quitables avec les plateformes est un objectif louable de la proposition. En effet, nous devons veiller \u00e0 ce que les prestataires de solutions de travail flexibles, telles que les entreprises de travail temporaire, puissent continuer \u00e0 offrir des emplois flexibles aux travailleurs qui ne s\u2019inscrivent pas dans le concept traditionnel de travail.<\/p>\n\n\n\n<p>Lors d&rsquo;une r\u00e9cente table ronde du Parlement Europ\u00e9en en pr\u00e9sence de la d\u00e9put\u00e9e europ\u00e9enne Elisabetta Gualmini, la n\u00e9cessit\u00e9 d&rsquo;une r\u00e9glementation \u00e9quilibr\u00e9e des plateformes num\u00e9riques de travail a \u00e9t\u00e9 soulign\u00e9e. Un tel cadre permettrait \u00e0 l&rsquo;\u00e9conomie des plateformes de se d\u00e9velopper tout en garantissant la protection sociale des personnes qui travaillent et fournissent des services par leur interm\u00e9diaire. Bien qu&rsquo;il y ait un consensus sur le fait que les algorithmes et la prise de d\u00e9cision automatis\u00e9e jouent un r\u00f4le important dans l\u2019interm\u00e9diation des plateformes num\u00e9riques, il a \u00e9galement \u00e9t\u00e9 not\u00e9 que la prochaine r\u00e8glementation de l\u2019UE sur l&rsquo;Intelligence Artificielle (IA) et le r\u00e8glement g\u00e9n\u00e9ral sur la protection des donn\u00e9es (RGPD) devraient \u00eatre pris en compte pour assurer la coh\u00e9rence entre les cadres juridiques. Il a \u00e9galement \u00e9t\u00e9 soulign\u00e9 que la cr\u00e9ation de conditions de concurrence \u00e9quitables ajouterait de la valeur aux services des interm\u00e9diaires de l\u2019emploi traditionnels et aux plateformes num\u00e9riques, tout en garantissant que les travailleurs eux-m\u00eames en b\u00e9n\u00e9ficient.<\/p>\n\n\n\n<p>Le d\u00e9bat sur la r\u00e9glementation des plateformes en Europe devrait s\u2019intensifier avec le rapport de la commission de l&#8217;emploi et des affaires sociales (EMPL) du Parlement europ\u00e9en, attendu en mai, et la position du Parlement europ\u00e9en qui devrait \u00eatre adopt\u00e9e d&rsquo;ici la fin de l&rsquo;ann\u00e9e. Il est essentiel que nous parvenions \u00e0 trouver le juste \u00e9quilibre entre l&rsquo;innovation et la garantie d&rsquo;une protection ad\u00e9quate pour les travailleurs qui naviguent sur un march\u00e9 du travail de plus en plus complexe et en constante \u00e9volution.<\/p>\n\n\n\n<p>Le travail via les plateformes m\u00e9rite mieux que d\u2019\u00eatre assimil\u00e9 au travail \u00e0 la t\u00e2che et nous avons la possibilit\u00e9 de cr\u00e9er un march\u00e9 du travail innovant, port\u00e9 par les nouvelles technologies, qui garantisse un traitement \u00e9quitable pour les travailleurs.<\/p>\n\n\n\n<p><\/p>\n\n\n\n<p><a href=\"https:\/\/www.euractiv.com\/section\/economy-jobs\/opinion\/platform-work-walking-the-line-between-technological-innovation-and-protecting-workersrights\/\" target=\"_blank\" rel=\"noreferrer noopener\">Acc\u00e9der au texte original publi\u00e9 en anglais sur le site euractiv.com<\/a><\/p>\n\n\n\n<div style=\"height:100px\" aria-hidden=\"true\" class=\"wp-block-spacer\"><\/div>\n\n\n\n<h3 class=\"wp-block-heading\">Les auteurs<\/h3>\n\n\n\n<div class=\"wp-block-columns is-layout-flex wp-container-core-columns-is-layout-9d6595d7 wp-block-columns-is-layout-flex\">\n<div class=\"wp-block-column is-layout-flow wp-block-column-is-layout-flow\">\n<figure class=\"wp-block-image size-large is-resized\"><img loading=\"lazy\" decoding=\"async\" src=\"https:\/\/leblog.prismemploi.eu\/wp-content\/uploads\/2022\/04\/Bart2-1024x972.jpg\" alt=\"\" class=\"wp-image-1175\" width=\"210\" height=\"200\" srcset=\"https:\/\/leblog.prismemploi.eu\/wp-content\/uploads\/2022\/04\/Bart2-1024x972.jpg 1024w, https:\/\/leblog.prismemploi.eu\/wp-content\/uploads\/2022\/04\/Bart2-300x285.jpg 300w, https:\/\/leblog.prismemploi.eu\/wp-content\/uploads\/2022\/04\/Bart2-768x729.jpg 768w, https:\/\/leblog.prismemploi.eu\/wp-content\/uploads\/2022\/04\/Bart2-422x400.jpg 422w, https:\/\/leblog.prismemploi.eu\/wp-content\/uploads\/2022\/04\/Bart2-1536x1457.jpg 1536w, https:\/\/leblog.prismemploi.eu\/wp-content\/uploads\/2022\/04\/Bart2-2048x1943.jpg 2048w, https:\/\/leblog.prismemploi.eu\/wp-content\/uploads\/2022\/04\/Bart2-696x660.jpg 696w, https:\/\/leblog.prismemploi.eu\/wp-content\/uploads\/2022\/04\/Bart2-1068x1013.jpg 1068w, https:\/\/leblog.prismemploi.eu\/wp-content\/uploads\/2022\/04\/Bart2-1920x1822.jpg 1920w, https:\/\/leblog.prismemploi.eu\/wp-content\/uploads\/2022\/04\/Bart2-24x24.jpg 24w\" sizes=\"auto, (max-width: 210px) 100vw, 210px\" \/><figcaption>Menno Bart<\/figcaption><\/figure>\n<\/div>\n\n\n\n<div class=\"wp-block-column is-layout-flow wp-block-column-is-layout-flow\">\n<figure class=\"wp-block-image size-large is-resized\"><img loading=\"lazy\" decoding=\"async\" src=\"https:\/\/leblog.prismemploi.eu\/wp-content\/uploads\/2022\/04\/Freytag2-804x1024.jpg\" alt=\"Michael Freytag\" class=\"wp-image-1176\" width=\"162\" height=\"206\" srcset=\"https:\/\/leblog.prismemploi.eu\/wp-content\/uploads\/2022\/04\/Freytag2-804x1024.jpg 804w, https:\/\/leblog.prismemploi.eu\/wp-content\/uploads\/2022\/04\/Freytag2-235x300.jpg 235w, https:\/\/leblog.prismemploi.eu\/wp-content\/uploads\/2022\/04\/Freytag2-768x979.jpg 768w, https:\/\/leblog.prismemploi.eu\/wp-content\/uploads\/2022\/04\/Freytag2-314x400.jpg 314w, https:\/\/leblog.prismemploi.eu\/wp-content\/uploads\/2022\/04\/Freytag2-1206x1536.jpg 1206w, https:\/\/leblog.prismemploi.eu\/wp-content\/uploads\/2022\/04\/Freytag2-1607x2048.jpg 1607w, https:\/\/leblog.prismemploi.eu\/wp-content\/uploads\/2022\/04\/Freytag2-696x887.jpg 696w, https:\/\/leblog.prismemploi.eu\/wp-content\/uploads\/2022\/04\/Freytag2-1068x1361.jpg 1068w, https:\/\/leblog.prismemploi.eu\/wp-content\/uploads\/2022\/04\/Freytag2-1920x2446.jpg 1920w, https:\/\/leblog.prismemploi.eu\/wp-content\/uploads\/2022\/04\/Freytag2-scaled.jpg 2009w\" sizes=\"auto, (max-width: 162px) 100vw, 162px\" \/><figcaption>Michael Freytag<\/figcaption><\/figure>\n<\/div>\n<\/div>\n\n\n\n<p><em>Menno Bart est membre du comit\u00e9 ex\u00e9cutif de la Conf\u00e9d\u00e9ration mondiale de World Employment Confederation-Europe. Le Dr Michael Freytag est responsable des affaires publiques \u00e0 la World Employment Confederation-Europe.<\/em><\/p>\n","protected":false},"excerpt":{"rendered":"<p>Dans cette tribune, World Employment Confederation-Europe d\u00e9fend l\u2019id\u00e9e que ces plateformes ne sont pas une nouvelle forme de travail mais seulement une nouvelle fa\u00e7on de l\u2019organiser et que les principes de droit qui les r\u00e9gissent existent d\u00e9j\u00e0 et doivent donc \u00eatre respect\u00e9s<\/p>\n","protected":false},"author":3,"featured_media":1186,"comment_status":"open","ping_status":"open","sticky":false,"template":"","format":"standard","meta":{"footnotes":""},"categories":[20],"tags":[55],"class_list":{"0":"post-1172","1":"post","2":"type-post","3":"status-publish","4":"format-standard","5":"has-post-thumbnail","7":"category-mutations","8":"tag-proposition"},"yoast_head":"<!-- This site is optimized with the Yoast SEO plugin v27.1.1 - https:\/\/yoast.com\/product\/yoast-seo-wordpress\/ -->\n<title>Plateformes d\u2019emploi : un jeu d\u2019\u00e9quilibrisme - leBlog Prism&#039;emploi<\/title>\n<meta name=\"robots\" content=\"index, follow, max-snippet:-1, max-image-preview:large, max-video-preview:-1\" \/>\n<link rel=\"canonical\" href=\"https:\/\/leblog.prismemploi.eu\/index.php\/2022\/04\/21\/plateformes-demploi-un-jeu-dequilibrisme\/\" \/>\n<meta property=\"og:locale\" content=\"fr_FR\" \/>\n<meta property=\"og:type\" content=\"article\" \/>\n<meta property=\"og:title\" content=\"Plateformes d\u2019emploi : un jeu d\u2019\u00e9quilibrisme - leBlog Prism&#039;emploi\" \/>\n<meta property=\"og:description\" content=\"Dans cette tribune, World Employment Confederation-Europe d\u00e9fend l\u2019id\u00e9e que ces plateformes ne sont pas une nouvelle forme de travail mais seulement une nouvelle fa\u00e7on de l\u2019organiser et que les principes de droit qui les r\u00e9gissent existent d\u00e9j\u00e0 et doivent donc \u00eatre respect\u00e9s\" \/>\n<meta property=\"og:url\" content=\"https:\/\/leblog.prismemploi.eu\/index.php\/2022\/04\/21\/plateformes-demploi-un-jeu-dequilibrisme\/\" \/>\n<meta property=\"og:site_name\" content=\"leBlog Prism&#039;emploi\" \/>\n<meta property=\"article:published_time\" content=\"2022-04-21T08:52:07+00:00\" \/>\n<meta property=\"article:modified_time\" content=\"2022-05-11T13:36:47+00:00\" \/>\n<meta property=\"og:image\" content=\"https:\/\/leblog.prismemploi.eu\/wp-content\/uploads\/2022\/04\/fond-blanc-scaled.jpg\" \/>\n\t<meta property=\"og:image:width\" content=\"2560\" \/>\n\t<meta property=\"og:image:height\" content=\"1561\" \/>\n\t<meta property=\"og:image:type\" content=\"image\/jpeg\" \/>\n<meta name=\"author\" content=\"Prism&#039;emploi\" \/>\n<meta name=\"twitter:card\" content=\"summary_large_image\" \/>\n<meta name=\"twitter:label1\" content=\"\u00c9crit par\" \/>\n\t<meta name=\"twitter:data1\" content=\"Prism&#039;emploi\" \/>\n\t<meta name=\"twitter:label2\" content=\"Dur\u00e9e de lecture estim\u00e9e\" \/>\n\t<meta name=\"twitter:data2\" content=\"5 minutes\" \/>\n<script type=\"application\/ld+json\" class=\"yoast-schema-graph\">{\"@context\":\"https:\/\/schema.org\",\"@graph\":[{\"@type\":\"Article\",\"@id\":\"https:\/\/leblog.prismemploi.eu\/index.php\/2022\/04\/21\/plateformes-demploi-un-jeu-dequilibrisme\/#article\",\"isPartOf\":{\"@id\":\"https:\/\/leblog.prismemploi.eu\/index.php\/2022\/04\/21\/plateformes-demploi-un-jeu-dequilibrisme\/\"},\"author\":{\"name\":\"Prism'emploi\",\"@id\":\"https:\/\/leblog.prismemploi.eu\/#\/schema\/person\/c7e048b348cc1a40862de60fbe4a3bf6\"},\"headline\":\"Plateformes d\u2019emploi : un jeu d\u2019\u00e9quilibrisme\",\"datePublished\":\"2022-04-21T08:52:07+00:00\",\"dateModified\":\"2022-05-11T13:36:47+00:00\",\"mainEntityOfPage\":{\"@id\":\"https:\/\/leblog.prismemploi.eu\/index.php\/2022\/04\/21\/plateformes-demploi-un-jeu-dequilibrisme\/\"},\"wordCount\":993,\"commentCount\":0,\"publisher\":{\"@id\":\"https:\/\/leblog.prismemploi.eu\/#organization\"},\"image\":{\"@id\":\"https:\/\/leblog.prismemploi.eu\/index.php\/2022\/04\/21\/plateformes-demploi-un-jeu-dequilibrisme\/#primaryimage\"},\"thumbnailUrl\":\"https:\/\/leblog.prismemploi.eu\/wp-content\/uploads\/2022\/04\/fond-blanc-scaled.jpg\",\"keywords\":[\"#Proposition\"],\"articleSection\":[\"Mutations\"],\"inLanguage\":\"fr-FR\",\"potentialAction\":[{\"@type\":\"CommentAction\",\"name\":\"Comment\",\"target\":[\"https:\/\/leblog.prismemploi.eu\/index.php\/2022\/04\/21\/plateformes-demploi-un-jeu-dequilibrisme\/#respond\"]}]},{\"@type\":\"WebPage\",\"@id\":\"https:\/\/leblog.prismemploi.eu\/index.php\/2022\/04\/21\/plateformes-demploi-un-jeu-dequilibrisme\/\",\"url\":\"https:\/\/leblog.prismemploi.eu\/index.php\/2022\/04\/21\/plateformes-demploi-un-jeu-dequilibrisme\/\",\"name\":\"Plateformes d\u2019emploi : un jeu d\u2019\u00e9quilibrisme - leBlog Prism&#039;emploi\",\"isPartOf\":{\"@id\":\"https:\/\/leblog.prismemploi.eu\/#website\"},\"primaryImageOfPage\":{\"@id\":\"https:\/\/leblog.prismemploi.eu\/index.php\/2022\/04\/21\/plateformes-demploi-un-jeu-dequilibrisme\/#primaryimage\"},\"image\":{\"@id\":\"https:\/\/leblog.prismemploi.eu\/index.php\/2022\/04\/21\/plateformes-demploi-un-jeu-dequilibrisme\/#primaryimage\"},\"thumbnailUrl\":\"https:\/\/leblog.prismemploi.eu\/wp-content\/uploads\/2022\/04\/fond-blanc-scaled.jpg\",\"datePublished\":\"2022-04-21T08:52:07+00:00\",\"dateModified\":\"2022-05-11T13:36:47+00:00\",\"breadcrumb\":{\"@id\":\"https:\/\/leblog.prismemploi.eu\/index.php\/2022\/04\/21\/plateformes-demploi-un-jeu-dequilibrisme\/#breadcrumb\"},\"inLanguage\":\"fr-FR\",\"potentialAction\":[{\"@type\":\"ReadAction\",\"target\":[\"https:\/\/leblog.prismemploi.eu\/index.php\/2022\/04\/21\/plateformes-demploi-un-jeu-dequilibrisme\/\"]}]},{\"@type\":\"ImageObject\",\"inLanguage\":\"fr-FR\",\"@id\":\"https:\/\/leblog.prismemploi.eu\/index.php\/2022\/04\/21\/plateformes-demploi-un-jeu-dequilibrisme\/#primaryimage\",\"url\":\"https:\/\/leblog.prismemploi.eu\/wp-content\/uploads\/2022\/04\/fond-blanc-scaled.jpg\",\"contentUrl\":\"https:\/\/leblog.prismemploi.eu\/wp-content\/uploads\/2022\/04\/fond-blanc-scaled.jpg\",\"width\":2560,\"height\":1561,\"caption\":\"wec\"},{\"@type\":\"BreadcrumbList\",\"@id\":\"https:\/\/leblog.prismemploi.eu\/index.php\/2022\/04\/21\/plateformes-demploi-un-jeu-dequilibrisme\/#breadcrumb\",\"itemListElement\":[{\"@type\":\"ListItem\",\"position\":1,\"name\":\"Accueil\",\"item\":\"https:\/\/leblog.prismemploi.eu\/\"},{\"@type\":\"ListItem\",\"position\":2,\"name\":\"Plateformes d\u2019emploi : un jeu d\u2019\u00e9quilibrisme\"}]},{\"@type\":\"WebSite\",\"@id\":\"https:\/\/leblog.prismemploi.eu\/#website\",\"url\":\"https:\/\/leblog.prismemploi.eu\/\",\"name\":\"leBlog Prism'emploi\",\"description\":\"Innovons pour l&#039;emploi\",\"publisher\":{\"@id\":\"https:\/\/leblog.prismemploi.eu\/#organization\"},\"potentialAction\":[{\"@type\":\"SearchAction\",\"target\":{\"@type\":\"EntryPoint\",\"urlTemplate\":\"https:\/\/leblog.prismemploi.eu\/?s={search_term_string}\"},\"query-input\":{\"@type\":\"PropertyValueSpecification\",\"valueRequired\":true,\"valueName\":\"search_term_string\"}}],\"inLanguage\":\"fr-FR\"},{\"@type\":\"Organization\",\"@id\":\"https:\/\/leblog.prismemploi.eu\/#organization\",\"name\":\"leBlog Prism'emploi\",\"url\":\"https:\/\/leblog.prismemploi.eu\/\",\"logo\":{\"@type\":\"ImageObject\",\"inLanguage\":\"fr-FR\",\"@id\":\"https:\/\/leblog.prismemploi.eu\/#\/schema\/logo\/image\/\",\"url\":\"https:\/\/leblog.prismemploi.eu\/wp-content\/uploads\/2021\/07\/logo_carre.png\",\"contentUrl\":\"https:\/\/leblog.prismemploi.eu\/wp-content\/uploads\/2021\/07\/logo_carre.png\",\"width\":512,\"height\":512,\"caption\":\"leBlog Prism'emploi\"},\"image\":{\"@id\":\"https:\/\/leblog.prismemploi.eu\/#\/schema\/logo\/image\/\"}},{\"@type\":\"Person\",\"@id\":\"https:\/\/leblog.prismemploi.eu\/#\/schema\/person\/c7e048b348cc1a40862de60fbe4a3bf6\",\"name\":\"Prism'emploi\",\"image\":{\"@type\":\"ImageObject\",\"inLanguage\":\"fr-FR\",\"@id\":\"https:\/\/leblog.prismemploi.eu\/#\/schema\/person\/image\/\",\"url\":\"https:\/\/leblog.prismemploi.eu\/wp-content\/uploads\/2021\/07\/logo_carre-96x96.png\",\"contentUrl\":\"https:\/\/leblog.prismemploi.eu\/wp-content\/uploads\/2021\/07\/logo_carre-96x96.png\",\"caption\":\"Prism'emploi\"},\"description\":\"Prism\u2019emploi - Professionnels du recrutement et de l\u2019int\u00e9rim - est l\u2019organisation professionnelle, qui regroupe plus de 600 entreprises de toutes tailles, pr\u00e9sentes sur l\u2019ensemble du territoire gr\u00e2ce \u00e0 leurs 10 000 agences d\u2019emploi.\",\"sameAs\":[\"http:\/\/prismemploi.eu\"],\"url\":\"https:\/\/leblog.prismemploi.eu\/index.php\/author\/leblogprismemploigmail-com\/\"}]}<\/script>\n<!-- \/ Yoast SEO plugin. -->","yoast_head_json":{"title":"Plateformes d\u2019emploi : un jeu d\u2019\u00e9quilibrisme - leBlog Prism&#039;emploi","robots":{"index":"index","follow":"follow","max-snippet":"max-snippet:-1","max-image-preview":"max-image-preview:large","max-video-preview":"max-video-preview:-1"},"canonical":"https:\/\/leblog.prismemploi.eu\/index.php\/2022\/04\/21\/plateformes-demploi-un-jeu-dequilibrisme\/","og_locale":"fr_FR","og_type":"article","og_title":"Plateformes d\u2019emploi : un jeu d\u2019\u00e9quilibrisme - leBlog Prism&#039;emploi","og_description":"Dans cette tribune, World Employment Confederation-Europe d\u00e9fend l\u2019id\u00e9e que ces plateformes ne sont pas une nouvelle forme de travail mais seulement une nouvelle fa\u00e7on de l\u2019organiser et que les principes de droit qui les r\u00e9gissent existent d\u00e9j\u00e0 et doivent donc \u00eatre respect\u00e9s","og_url":"https:\/\/leblog.prismemploi.eu\/index.php\/2022\/04\/21\/plateformes-demploi-un-jeu-dequilibrisme\/","og_site_name":"leBlog Prism&#039;emploi","article_published_time":"2022-04-21T08:52:07+00:00","article_modified_time":"2022-05-11T13:36:47+00:00","og_image":[{"width":2560,"height":1561,"url":"https:\/\/leblog.prismemploi.eu\/wp-content\/uploads\/2022\/04\/fond-blanc-scaled.jpg","type":"image\/jpeg"}],"author":"Prism'emploi","twitter_card":"summary_large_image","twitter_misc":{"\u00c9crit par":"Prism'emploi","Dur\u00e9e de lecture estim\u00e9e":"5 minutes"},"schema":{"@context":"https:\/\/schema.org","@graph":[{"@type":"Article","@id":"https:\/\/leblog.prismemploi.eu\/index.php\/2022\/04\/21\/plateformes-demploi-un-jeu-dequilibrisme\/#article","isPartOf":{"@id":"https:\/\/leblog.prismemploi.eu\/index.php\/2022\/04\/21\/plateformes-demploi-un-jeu-dequilibrisme\/"},"author":{"name":"Prism'emploi","@id":"https:\/\/leblog.prismemploi.eu\/#\/schema\/person\/c7e048b348cc1a40862de60fbe4a3bf6"},"headline":"Plateformes d\u2019emploi : un jeu d\u2019\u00e9quilibrisme","datePublished":"2022-04-21T08:52:07+00:00","dateModified":"2022-05-11T13:36:47+00:00","mainEntityOfPage":{"@id":"https:\/\/leblog.prismemploi.eu\/index.php\/2022\/04\/21\/plateformes-demploi-un-jeu-dequilibrisme\/"},"wordCount":993,"commentCount":0,"publisher":{"@id":"https:\/\/leblog.prismemploi.eu\/#organization"},"image":{"@id":"https:\/\/leblog.prismemploi.eu\/index.php\/2022\/04\/21\/plateformes-demploi-un-jeu-dequilibrisme\/#primaryimage"},"thumbnailUrl":"https:\/\/leblog.prismemploi.eu\/wp-content\/uploads\/2022\/04\/fond-blanc-scaled.jpg","keywords":["#Proposition"],"articleSection":["Mutations"],"inLanguage":"fr-FR","potentialAction":[{"@type":"CommentAction","name":"Comment","target":["https:\/\/leblog.prismemploi.eu\/index.php\/2022\/04\/21\/plateformes-demploi-un-jeu-dequilibrisme\/#respond"]}]},{"@type":"WebPage","@id":"https:\/\/leblog.prismemploi.eu\/index.php\/2022\/04\/21\/plateformes-demploi-un-jeu-dequilibrisme\/","url":"https:\/\/leblog.prismemploi.eu\/index.php\/2022\/04\/21\/plateformes-demploi-un-jeu-dequilibrisme\/","name":"Plateformes d\u2019emploi : un jeu d\u2019\u00e9quilibrisme - leBlog Prism&#039;emploi","isPartOf":{"@id":"https:\/\/leblog.prismemploi.eu\/#website"},"primaryImageOfPage":{"@id":"https:\/\/leblog.prismemploi.eu\/index.php\/2022\/04\/21\/plateformes-demploi-un-jeu-dequilibrisme\/#primaryimage"},"image":{"@id":"https:\/\/leblog.prismemploi.eu\/index.php\/2022\/04\/21\/plateformes-demploi-un-jeu-dequilibrisme\/#primaryimage"},"thumbnailUrl":"https:\/\/leblog.prismemploi.eu\/wp-content\/uploads\/2022\/04\/fond-blanc-scaled.jpg","datePublished":"2022-04-21T08:52:07+00:00","dateModified":"2022-05-11T13:36:47+00:00","breadcrumb":{"@id":"https:\/\/leblog.prismemploi.eu\/index.php\/2022\/04\/21\/plateformes-demploi-un-jeu-dequilibrisme\/#breadcrumb"},"inLanguage":"fr-FR","potentialAction":[{"@type":"ReadAction","target":["https:\/\/leblog.prismemploi.eu\/index.php\/2022\/04\/21\/plateformes-demploi-un-jeu-dequilibrisme\/"]}]},{"@type":"ImageObject","inLanguage":"fr-FR","@id":"https:\/\/leblog.prismemploi.eu\/index.php\/2022\/04\/21\/plateformes-demploi-un-jeu-dequilibrisme\/#primaryimage","url":"https:\/\/leblog.prismemploi.eu\/wp-content\/uploads\/2022\/04\/fond-blanc-scaled.jpg","contentUrl":"https:\/\/leblog.prismemploi.eu\/wp-content\/uploads\/2022\/04\/fond-blanc-scaled.jpg","width":2560,"height":1561,"caption":"wec"},{"@type":"BreadcrumbList","@id":"https:\/\/leblog.prismemploi.eu\/index.php\/2022\/04\/21\/plateformes-demploi-un-jeu-dequilibrisme\/#breadcrumb","itemListElement":[{"@type":"ListItem","position":1,"name":"Accueil","item":"https:\/\/leblog.prismemploi.eu\/"},{"@type":"ListItem","position":2,"name":"Plateformes d\u2019emploi : un jeu d\u2019\u00e9quilibrisme"}]},{"@type":"WebSite","@id":"https:\/\/leblog.prismemploi.eu\/#website","url":"https:\/\/leblog.prismemploi.eu\/","name":"leBlog Prism'emploi","description":"Innovons pour l&#039;emploi","publisher":{"@id":"https:\/\/leblog.prismemploi.eu\/#organization"},"potentialAction":[{"@type":"SearchAction","target":{"@type":"EntryPoint","urlTemplate":"https:\/\/leblog.prismemploi.eu\/?s={search_term_string}"},"query-input":{"@type":"PropertyValueSpecification","valueRequired":true,"valueName":"search_term_string"}}],"inLanguage":"fr-FR"},{"@type":"Organization","@id":"https:\/\/leblog.prismemploi.eu\/#organization","name":"leBlog Prism'emploi","url":"https:\/\/leblog.prismemploi.eu\/","logo":{"@type":"ImageObject","inLanguage":"fr-FR","@id":"https:\/\/leblog.prismemploi.eu\/#\/schema\/logo\/image\/","url":"https:\/\/leblog.prismemploi.eu\/wp-content\/uploads\/2021\/07\/logo_carre.png","contentUrl":"https:\/\/leblog.prismemploi.eu\/wp-content\/uploads\/2021\/07\/logo_carre.png","width":512,"height":512,"caption":"leBlog Prism'emploi"},"image":{"@id":"https:\/\/leblog.prismemploi.eu\/#\/schema\/logo\/image\/"}},{"@type":"Person","@id":"https:\/\/leblog.prismemploi.eu\/#\/schema\/person\/c7e048b348cc1a40862de60fbe4a3bf6","name":"Prism'emploi","image":{"@type":"ImageObject","inLanguage":"fr-FR","@id":"https:\/\/leblog.prismemploi.eu\/#\/schema\/person\/image\/","url":"https:\/\/leblog.prismemploi.eu\/wp-content\/uploads\/2021\/07\/logo_carre-96x96.png","contentUrl":"https:\/\/leblog.prismemploi.eu\/wp-content\/uploads\/2021\/07\/logo_carre-96x96.png","caption":"Prism'emploi"},"description":"Prism\u2019emploi - Professionnels du recrutement et de l\u2019int\u00e9rim - est l\u2019organisation professionnelle, qui regroupe plus de 600 entreprises de toutes tailles, pr\u00e9sentes sur l\u2019ensemble du territoire gr\u00e2ce \u00e0 leurs 10 000 agences d\u2019emploi.","sameAs":["http:\/\/prismemploi.eu"],"url":"https:\/\/leblog.prismemploi.eu\/index.php\/author\/leblogprismemploigmail-com\/"}]}},"_links":{"self":[{"href":"https:\/\/leblog.prismemploi.eu\/index.php\/wp-json\/wp\/v2\/posts\/1172","targetHints":{"allow":["GET"]}}],"collection":[{"href":"https:\/\/leblog.prismemploi.eu\/index.php\/wp-json\/wp\/v2\/posts"}],"about":[{"href":"https:\/\/leblog.prismemploi.eu\/index.php\/wp-json\/wp\/v2\/types\/post"}],"author":[{"embeddable":true,"href":"https:\/\/leblog.prismemploi.eu\/index.php\/wp-json\/wp\/v2\/users\/3"}],"replies":[{"embeddable":true,"href":"https:\/\/leblog.prismemploi.eu\/index.php\/wp-json\/wp\/v2\/comments?post=1172"}],"version-history":[{"count":10,"href":"https:\/\/leblog.prismemploi.eu\/index.php\/wp-json\/wp\/v2\/posts\/1172\/revisions"}],"predecessor-version":[{"id":1195,"href":"https:\/\/leblog.prismemploi.eu\/index.php\/wp-json\/wp\/v2\/posts\/1172\/revisions\/1195"}],"wp:featuredmedia":[{"embeddable":true,"href":"https:\/\/leblog.prismemploi.eu\/index.php\/wp-json\/wp\/v2\/media\/1186"}],"wp:attachment":[{"href":"https:\/\/leblog.prismemploi.eu\/index.php\/wp-json\/wp\/v2\/media?parent=1172"}],"wp:term":[{"taxonomy":"category","embeddable":true,"href":"https:\/\/leblog.prismemploi.eu\/index.php\/wp-json\/wp\/v2\/categories?post=1172"},{"taxonomy":"post_tag","embeddable":true,"href":"https:\/\/leblog.prismemploi.eu\/index.php\/wp-json\/wp\/v2\/tags?post=1172"}],"curies":[{"name":"wp","href":"https:\/\/api.w.org\/{rel}","templated":true}]}}