{"id":1162,"date":"2022-04-19T14:50:19","date_gmt":"2022-04-19T12:50:19","guid":{"rendered":"https:\/\/leblog.prismemploi.eu\/?p=1162"},"modified":"2022-04-19T14:50:21","modified_gmt":"2022-04-19T12:50:21","slug":"regards-croises-sur-lapprentissage","status":"publish","type":"post","link":"https:\/\/leblog.prismemploi.eu\/index.php\/2022\/04\/19\/regards-croises-sur-lapprentissage\/","title":{"rendered":"Regards crois\u00e9s sur l&rsquo;apprentissage"},"content":{"rendered":"\n<p>Sylvie Charri\u00e8re, d\u00e9put\u00e9 de Seine-Saint-Denis et Pascal Picault, pr\u00e9sident de la F\u00e9d\u00e9ration des directeurs de CFA-OFA (Fnadir), \u00e9changent sur la n\u00e9cessit\u00e9 d\u2019am\u00e9liorer la connaissance r\u00e9ciproque du monde de l\u2019entreprise et de l&rsquo;univers \u00e9ducatif afin de parfaire les conditions de l\u2019apprentissage.<\/p>\n\n\n\n<p> <\/p>\n\n\n\n<h5 class=\"wp-block-heading\"><strong>Comment, selon-vous, am\u00e9liorer radicalement la connaissance mutuelle de l\u2019entreprise et du syst\u00e8me \u00e9ducatif ?<\/strong><\/h5>\n\n\n\n<p>Sylvie Charri\u00e8re : Il faut prendre le mal \u00e0 la racine, c\u2019est-\u00e0-dire d\u00e8s l\u2019\u00e9cole o\u00f9 se forgent les repr\u00e9sentations que les jeunes vont avoir du monde du travail. Nous voyons que l\u2019image de l\u2019entreprise est d\u00e9grad\u00e9e dans l\u2019esprit des enseignants du fait que la plupart n\u2019y ont jamais mis les pieds. Le travail d\u2019acculturation doit \u00eatre instaur\u00e9 dans les instituts de formation des enseignants. Une acculturation \u00e0 ce monde doit progresser. Les entreprises peuvent pareillement avoir int\u00e9r\u00eat \u00e0 mettre un pied dans le monde scolaire.<\/p>\n\n\n\n<p>Pascal Picault : Il faut aider les entreprises \u00e0 changer leur posture culturelle. Accueillir un jeune, c\u2019est s\u2019engager dans sa formation et sa promotion et travailler \u00e0 le faire r\u00e9ussir. Il faut donc parler de p\u00e9dagogie dans les entreprises. \u00c0 la Fnadir, nous appelons \u00e0 la cr\u00e9ation d\u2019un r\u00e9f\u00e9rentiel national de formation de tuteurs et de ma\u00eetres d\u2019apprentissage ; il sera question de p\u00e9dagogie. Il ne faut pas stopper le contrat d\u00e8s que l\u2019on constate qu\u2019un jeune n\u2019a pas int\u00e9gr\u00e9 tous les codes de l\u2019emploi. Au contraire, c\u2019est \u00e0 ce moment pr\u00e9cis que le vrai travail d\u2019accompagnement commence. Pour cela, il faut apporter \u00e0 ces ma\u00eetres d\u2019apprentissage, dont ce n\u2019est pas le m\u00e9tier premier, les outils pour mener \u00e0 bien cet accompagnement.<\/p>\n\n\n\n<p><\/p>\n\n\n\n<h5 class=\"wp-block-heading\"><strong>Comment encourager les entreprises et les accompagner pour amplifier encore l\u2019apprentissage ?<\/strong><\/h5>\n\n\n\n<blockquote class=\"wp-block-quote is-layout-flow wp-block-quote-is-layout-flow\"><p>\u00ab Les choses n\u2019avanceront que si les entreprises font preuve d\u2019une bienveillance vis-\u00e0-vis des publics \u00e9loign\u00e9s de l\u2019emploi et de leur inclusion. \u00bb Sylvie Charri\u00e8re<\/p><\/blockquote>\n\n\n\n<p>PP : Nous accompagnons les entreprises sur du moyen terme. L\u2019entreprise doit consentir cet investissement dans la dur\u00e9e pour accompagner le jeune dans son accomplissement dans le m\u00e9tier et dans sa citoyennet\u00e9. Cela rel\u00e8ve des 14 missions attribu\u00e9es aux CFA-OFA. Nous sommes convaincus qu\u2019en acc\u00e9dant avec succ\u00e8s \u00e0 un premier emploi, un jeune int\u00e8gre le statut de citoyen, ce qui lui permet de compter \u201cpour de vrai\u201d dans le monde social et \u00e9conomique. C\u2019est le meilleur moyen de lier \u00e9ducation, GPEC et citoyennet\u00e9.<\/p>\n\n\n\n<p>SC : A mon sens, c\u2019est \u00e9galement la formation in situ qui permettra de rendre le circuit plus fluide. Cela sera a priori act\u00e9 par un bloc de comp\u00e9tences d\u00e9pos\u00e9 au RNCP \u00e0 France Comp\u00e9tences. L\u2019id\u00e9e est d\u2019\u00e9tiqueter la comp\u00e9tence qui s\u2019acquiert sur le terrain. Les choses n\u2019avanceront que si les entreprises font preuve d\u2019un investissement soci\u00e9tal, d\u2019une bienveillance vis-\u00e0-vis des publics \u00e9loign\u00e9s de l\u2019emploi et de leur inclusion. C\u2019est une forme d\u2019exp\u00e9rimentation permanente.<br>Pour rassurer les enseignants, il faut travailler sur la transversalit\u00e9 et les comp\u00e9tences de base. L\u2019exp\u00e9rience de l\u2019Allemagne montre que les gens ont du mal \u00e0 se reconvertir et \u00e0 rebondir. Nous devons donc aussi avancer sur ces sujets en formant des citoyens qui ont d\u00e9j\u00e0 une culture et des soft skills acquis d\u00e8s le coll\u00e8ge.<\/p>\n\n\n\n<p><\/p>\n\n\n\n<h5 class=\"wp-block-heading\"><strong>Est-il possible de faire \u00e9voluer les blocs de comp\u00e9tences dans la r\u00e9alit\u00e9 des besoins des entreprises et de les faire \u00e9voluer rapidement au sein m\u00eame de l\u2019\u00e9cole ?<\/strong><\/h5>\n\n\n\n<p>PP : Oui, mais il existe deux fa\u00e7ons de se certifier. Il y a en effet le dipl\u00f4me, mais aussi le titre professionnel. Ce n\u2019est pas pareil. Le dipl\u00f4me est une finalit\u00e9, un gage d\u2019insertion, le titre \u00e9galement mais avec une dimension ad\u00e9quation \u00e0 l\u2019emploi plus importante que le dipl\u00f4me. Dans un parcours d\u2019alternance, la mise en place de micro-certifications (\u00e0 l\u2019image des open badges) permettrait de reconna\u00eetre la formation, m\u00eame sans dipl\u00f4me final. Les CFA pourraient int\u00e9grer ces micro-certifications dans le parcours complet et leur donner une valeur sur le march\u00e9 de l\u2019emploi.<br>En France, le dipl\u00f4me reste une valeur culturelle ancr\u00e9e, s\u00e9same pour l\u2019emploi, mais 20 open badges sur un parcours de deux ans devraient avoir de la valeur sur le march\u00e9 de l\u2019emploi. Le sujet n\u2019\u00e9tant \u00e9videmment pas d\u2019opposer dipl\u00f4me et certification des comp\u00e9tences, mais bien une autre fa\u00e7on d\u2019aborder les r\u00e9ponses formation-emploi.<\/p>\n\n\n\n<blockquote class=\"wp-block-quote is-layout-flow wp-block-quote-is-layout-flow\"><p>\u00ab Il faut \u00e0 aider les entreprises \u00e0 changer leur posture culturelle. Accueillir un jeune, c\u2019est s\u2019engager dans sa formation et sa promotion et travailler \u00e0 le faire r\u00e9ussir. \u00bb Pascal Picault<\/p><\/blockquote>\n\n\n\n<h5 class=\"wp-block-heading\"><strong>Au final, comment insuffler plus de fluidit\u00e9 dans des \u00e9cosyst\u00e8mes territoriaux forc\u00e9ment multi-partenariaux ?<\/strong><\/h5>\n\n\n\n<p>SC : Je m\u2019investis beaucoup dans le dispositif \u00ab Les Cit\u00e9s \u00e9ducatives \u00bb. Au nombre de 200, elles accompagnent les jeunes des quartiers prioritaires. La tranche des 16-25 ans est tr\u00e8s complexe, car identifier les jeunes dits \u201cinvisibles\u201d ne se fait pas avec un fichier mais avec un travail de proximit\u00e9. Certaines associations font du porte-\u00e0-porte pour informer sur la formation. Apr\u00e8s cette premi\u00e8re \u00e9tape d\u2019identification, succ\u00e8de souvent une \u00e9tape de remobilisation, de travail sur la confiance, l\u2019estime de soi, la lev\u00e9e des freins p\u00e9riph\u00e9riques (sant\u00e9, mobilit\u00e9, \u2026) puis une troisi\u00e8me de pr\u00e9-qualification autour d\u2019un travail des comp\u00e9tences de bases, des savoir-\u00eatre et du projet professionnel. Le d\u00e9partement intervient pour lever les probl\u00e8mes sociaux notamment de sant\u00e9 et de mobilit\u00e9. Ensuite se pose le probl\u00e8me des offres de formations pr\u00e9-qualifiantes, financ\u00e9es par les r\u00e9gions, qui ne sont pas disponibles partout et \u00e0 tout moment. Cela montre la complexit\u00e9 pour cr\u00e9er un \u00e9cosyst\u00e8me, car il y a une pluralit\u00e9 d\u2019acteurs. Mais c\u2019est l\u2019enjeu majeur si l\u2019on veut plus de fluidit\u00e9.<\/p>\n\n\n\n<p><\/p>\n\n\n\n<p><\/p>\n\n\n\n<h3 class=\"wp-block-heading\">Les auteurs<\/h3>\n\n\n\n<figure class=\"wp-block-image size-full is-resized\"><img loading=\"lazy\" decoding=\"async\" src=\"https:\/\/leblog.prismemploi.eu\/wp-content\/uploads\/2022\/04\/Sylvie-Charriere.png\" alt=\"Sylvie Charriere\" class=\"wp-image-1167\" width=\"155\" height=\"122\"\/><figcaption>D\u00e9put\u00e9e de Seine-Saint-Denis depuis 2017, <strong>Sylvie Charri\u00e8re<\/strong> est membre de la commission des Affaires culturelles et de l\u2019\u00c9ducation. Elle est rapporteure de la loi \u201cPour la libert\u00e9 de choisir son avenir professionnel\u201d. Tr\u00e8s impliqu\u00e9e sur les sujets li\u00e9s \u00e0 la formation et au d\u00e9veloppement des voies de l\u2019alternance et de l\u2019apprentissage, elle est par ailleurs vice-pr\u00e9sidente du groupe d\u2019\u00e9tudes \u201cInsertion \u00e9conomique et civique des jeunes\u201d et a remis au Premier ministre un rapport sur l\u2019obligation de formation des 16-18 ans. Sylvie Charri\u00e8re est aussi membre du Conseil d\u2019\u00e9valuation de l\u2019\u00e9cole. Avant son \u00e9lection \u00e0 l\u2019Assembl\u00e9e nationale, elle \u00e9tait principale d\u2019un coll\u00e8ge REP+ situ\u00e9 \u00e0 Clichy-sous-Bois. En plus de ses activit\u00e9s \u00e0 l\u2019Assembl\u00e9e nationale, elle prend souvent position sur des dossiers dans les trois villes qu\u2019elle repr\u00e9sente : Gagny, Villemomble et Rosny-sous-Bois.<\/figcaption><\/figure>\n\n\n\n<figure class=\"wp-block-image size-full is-resized\"><img loading=\"lazy\" decoding=\"async\" src=\"https:\/\/leblog.prismemploi.eu\/wp-content\/uploads\/2022\/04\/Pascal-Picault.jpg\" alt=\"\" class=\"wp-image-1168\" width=\"131\" height=\"169\"\/><figcaption>Pr\u00e9sident de la F\u00e9d\u00e9ration des directeurs de CFA-OFA (Fnadir) depuis 2021, <strong>Pascal Picault <\/strong>est directeur de CFA depuis vingt ans. Il a cr\u00e9\u00e9, le Formaposte \u00cele-de-France et Nord-Est en 2008. \u00c0 la t\u00eate d\u2019un r\u00e9seau de 40 \u00e9tablissements de formation partenaires. L\u2019humain et la formation sont les fils conducteurs de sa carri\u00e8re, ses fonctions successives lui ont permis de d\u00e9velopper une r\u00e9elle expertise dans la formation, tout d\u2019abord en participant activement au d\u00e9veloppement du secteur junior de l\u2019UCPA pendant cinq ans et dans la formation professionnelle les trois ann\u00e9es suivantes. Il s\u2019investit fortement dans plusieurs r\u00e9seaux li\u00e9s \u00e0 l\u2019apprentissage (Ardrif, Fnadir) et en RH (Agora du D\u00e9veloppement RH). Pascal Picault a suivi un dipl\u00f4me d\u2019\u00c9tat sp\u00e9cialis\u00e9 dans la psychologie et le d\u00e9veloppement de l\u2019enfant adolescent, puis un master ex\u00e9cutif en Sociologie de l\u2019entreprise de Sciences Po Paris. La Fnadir est un r\u00e9seau national de plus de 500 directeurs et directrices de CFA qui forment plus de 400 000 apprentis \u00e0 tous les m\u00e9tiers, de tous niveaux, sur tout le territoire hexagone et outres mers.<\/figcaption><\/figure>\n","protected":false},"excerpt":{"rendered":"<p>Sylvie Charri\u00e8re, d\u00e9put\u00e9 de Seine-Saint-Denis et Pascal Picault, pr\u00e9sident de la F\u00e9d\u00e9ration des directeurs de CFA-OFA (Fnadir), \u00e9changent sur la n\u00e9cessit\u00e9 d\u2019am\u00e9liorer la connaissance r\u00e9ciproque du monde de l\u2019entreprise et de l&rsquo;univers \u00e9ducatif afin de parfaire les conditions de l\u2019apprentissage. <\/p>\n","protected":false},"author":3,"featured_media":1171,"comment_status":"open","ping_status":"open","sticky":false,"template":"","format":"standard","meta":{"footnotes":""},"categories":[22],"tags":[54],"class_list":{"0":"post-1162","1":"post","2":"type-post","3":"status-publish","4":"format-standard","5":"has-post-thumbnail","7":"category-focus-jeunes","8":"tag-temoignage"},"yoast_head":"<!-- This site is optimized with the Yoast SEO plugin v27.1.1 - https:\/\/yoast.com\/product\/yoast-seo-wordpress\/ -->\n<title>Regards crois\u00e9s sur l&#039;apprentissage - leBlog Prism&#039;emploi<\/title>\n<meta name=\"description\" content=\"Sylvie Charri\u00e8re, d\u00e9put\u00e9 de Seine-Saint-Denis et Pascal Picault, pr\u00e9sident de la F\u00e9d\u00e9ration des directeurs de CFA-OFA (Fnadir), \u00e9changent sur la n\u00e9cessit\u00e9 d\u2019am\u00e9liorer la connaissance r\u00e9ciproque du monde de l\u2019entreprise et de l&#039;univers \u00e9ducatif afin de parfaire les conditions de l\u2019apprentissage.\" \/>\n<meta name=\"robots\" content=\"index, follow, max-snippet:-1, max-image-preview:large, max-video-preview:-1\" \/>\n<link rel=\"canonical\" href=\"https:\/\/leblog.prismemploi.eu\/index.php\/2022\/04\/19\/regards-croises-sur-lapprentissage\/\" \/>\n<meta property=\"og:locale\" content=\"fr_FR\" \/>\n<meta property=\"og:type\" content=\"article\" \/>\n<meta property=\"og:title\" content=\"Regards crois\u00e9s sur l&#039;apprentissage - leBlog Prism&#039;emploi\" \/>\n<meta property=\"og:description\" content=\"Sylvie Charri\u00e8re, d\u00e9put\u00e9 de Seine-Saint-Denis et Pascal Picault, pr\u00e9sident de la F\u00e9d\u00e9ration des directeurs de CFA-OFA (Fnadir), \u00e9changent sur la n\u00e9cessit\u00e9 d\u2019am\u00e9liorer la connaissance r\u00e9ciproque du monde de l\u2019entreprise et de l&#039;univers \u00e9ducatif afin de parfaire les conditions de l\u2019apprentissage.\" \/>\n<meta property=\"og:url\" content=\"https:\/\/leblog.prismemploi.eu\/index.php\/2022\/04\/19\/regards-croises-sur-lapprentissage\/\" \/>\n<meta property=\"og:site_name\" content=\"leBlog Prism&#039;emploi\" \/>\n<meta property=\"article:published_time\" content=\"2022-04-19T12:50:19+00:00\" \/>\n<meta property=\"article:modified_time\" content=\"2022-04-19T12:50:21+00:00\" \/>\n<meta property=\"og:image\" content=\"https:\/\/leblog.prismemploi.eu\/wp-content\/uploads\/2022\/04\/iStock-1314969511.jpg\" \/>\n\t<meta property=\"og:image:width\" content=\"1253\" \/>\n\t<meta property=\"og:image:height\" content=\"836\" \/>\n\t<meta property=\"og:image:type\" content=\"image\/jpeg\" \/>\n<meta name=\"author\" content=\"Prism&#039;emploi\" \/>\n<meta name=\"twitter:card\" content=\"summary_large_image\" \/>\n<meta name=\"twitter:label1\" content=\"\u00c9crit par\" \/>\n\t<meta name=\"twitter:data1\" content=\"Prism&#039;emploi\" \/>\n\t<meta name=\"twitter:label2\" content=\"Dur\u00e9e de lecture estim\u00e9e\" \/>\n\t<meta name=\"twitter:data2\" content=\"7 minutes\" \/>\n<script type=\"application\/ld+json\" class=\"yoast-schema-graph\">{\"@context\":\"https:\/\/schema.org\",\"@graph\":[{\"@type\":\"Article\",\"@id\":\"https:\/\/leblog.prismemploi.eu\/index.php\/2022\/04\/19\/regards-croises-sur-lapprentissage\/#article\",\"isPartOf\":{\"@id\":\"https:\/\/leblog.prismemploi.eu\/index.php\/2022\/04\/19\/regards-croises-sur-lapprentissage\/\"},\"author\":{\"name\":\"Prism'emploi\",\"@id\":\"https:\/\/leblog.prismemploi.eu\/#\/schema\/person\/c7e048b348cc1a40862de60fbe4a3bf6\"},\"headline\":\"Regards crois\u00e9s sur l&rsquo;apprentissage\",\"datePublished\":\"2022-04-19T12:50:19+00:00\",\"dateModified\":\"2022-04-19T12:50:21+00:00\",\"mainEntityOfPage\":{\"@id\":\"https:\/\/leblog.prismemploi.eu\/index.php\/2022\/04\/19\/regards-croises-sur-lapprentissage\/\"},\"wordCount\":1372,\"commentCount\":0,\"publisher\":{\"@id\":\"https:\/\/leblog.prismemploi.eu\/#organization\"},\"image\":{\"@id\":\"https:\/\/leblog.prismemploi.eu\/index.php\/2022\/04\/19\/regards-croises-sur-lapprentissage\/#primaryimage\"},\"thumbnailUrl\":\"https:\/\/leblog.prismemploi.eu\/wp-content\/uploads\/2022\/04\/iStock-1314969511.jpg\",\"keywords\":[\"#T\u00e9moignage\"],\"articleSection\":[\"Focus Jeunes\"],\"inLanguage\":\"fr-FR\",\"potentialAction\":[{\"@type\":\"CommentAction\",\"name\":\"Comment\",\"target\":[\"https:\/\/leblog.prismemploi.eu\/index.php\/2022\/04\/19\/regards-croises-sur-lapprentissage\/#respond\"]}]},{\"@type\":\"WebPage\",\"@id\":\"https:\/\/leblog.prismemploi.eu\/index.php\/2022\/04\/19\/regards-croises-sur-lapprentissage\/\",\"url\":\"https:\/\/leblog.prismemploi.eu\/index.php\/2022\/04\/19\/regards-croises-sur-lapprentissage\/\",\"name\":\"Regards crois\u00e9s sur l'apprentissage - leBlog Prism&#039;emploi\",\"isPartOf\":{\"@id\":\"https:\/\/leblog.prismemploi.eu\/#website\"},\"primaryImageOfPage\":{\"@id\":\"https:\/\/leblog.prismemploi.eu\/index.php\/2022\/04\/19\/regards-croises-sur-lapprentissage\/#primaryimage\"},\"image\":{\"@id\":\"https:\/\/leblog.prismemploi.eu\/index.php\/2022\/04\/19\/regards-croises-sur-lapprentissage\/#primaryimage\"},\"thumbnailUrl\":\"https:\/\/leblog.prismemploi.eu\/wp-content\/uploads\/2022\/04\/iStock-1314969511.jpg\",\"datePublished\":\"2022-04-19T12:50:19+00:00\",\"dateModified\":\"2022-04-19T12:50:21+00:00\",\"description\":\"Sylvie Charri\u00e8re, d\u00e9put\u00e9 de Seine-Saint-Denis et Pascal Picault, pr\u00e9sident de la F\u00e9d\u00e9ration des directeurs de CFA-OFA (Fnadir), \u00e9changent sur la n\u00e9cessit\u00e9 d\u2019am\u00e9liorer la connaissance r\u00e9ciproque du monde de l\u2019entreprise et de l'univers \u00e9ducatif afin de parfaire les conditions de l\u2019apprentissage.\",\"breadcrumb\":{\"@id\":\"https:\/\/leblog.prismemploi.eu\/index.php\/2022\/04\/19\/regards-croises-sur-lapprentissage\/#breadcrumb\"},\"inLanguage\":\"fr-FR\",\"potentialAction\":[{\"@type\":\"ReadAction\",\"target\":[\"https:\/\/leblog.prismemploi.eu\/index.php\/2022\/04\/19\/regards-croises-sur-lapprentissage\/\"]}]},{\"@type\":\"ImageObject\",\"inLanguage\":\"fr-FR\",\"@id\":\"https:\/\/leblog.prismemploi.eu\/index.php\/2022\/04\/19\/regards-croises-sur-lapprentissage\/#primaryimage\",\"url\":\"https:\/\/leblog.prismemploi.eu\/wp-content\/uploads\/2022\/04\/iStock-1314969511.jpg\",\"contentUrl\":\"https:\/\/leblog.prismemploi.eu\/wp-content\/uploads\/2022\/04\/iStock-1314969511.jpg\",\"width\":1253,\"height\":836,\"caption\":\"Young trainees walking in office hallway and discussing ideas\"},{\"@type\":\"BreadcrumbList\",\"@id\":\"https:\/\/leblog.prismemploi.eu\/index.php\/2022\/04\/19\/regards-croises-sur-lapprentissage\/#breadcrumb\",\"itemListElement\":[{\"@type\":\"ListItem\",\"position\":1,\"name\":\"Accueil\",\"item\":\"https:\/\/leblog.prismemploi.eu\/\"},{\"@type\":\"ListItem\",\"position\":2,\"name\":\"Regards crois\u00e9s sur l&rsquo;apprentissage\"}]},{\"@type\":\"WebSite\",\"@id\":\"https:\/\/leblog.prismemploi.eu\/#website\",\"url\":\"https:\/\/leblog.prismemploi.eu\/\",\"name\":\"leBlog Prism'emploi\",\"description\":\"Innovons pour l&#039;emploi\",\"publisher\":{\"@id\":\"https:\/\/leblog.prismemploi.eu\/#organization\"},\"potentialAction\":[{\"@type\":\"SearchAction\",\"target\":{\"@type\":\"EntryPoint\",\"urlTemplate\":\"https:\/\/leblog.prismemploi.eu\/?s={search_term_string}\"},\"query-input\":{\"@type\":\"PropertyValueSpecification\",\"valueRequired\":true,\"valueName\":\"search_term_string\"}}],\"inLanguage\":\"fr-FR\"},{\"@type\":\"Organization\",\"@id\":\"https:\/\/leblog.prismemploi.eu\/#organization\",\"name\":\"leBlog Prism'emploi\",\"url\":\"https:\/\/leblog.prismemploi.eu\/\",\"logo\":{\"@type\":\"ImageObject\",\"inLanguage\":\"fr-FR\",\"@id\":\"https:\/\/leblog.prismemploi.eu\/#\/schema\/logo\/image\/\",\"url\":\"https:\/\/leblog.prismemploi.eu\/wp-content\/uploads\/2021\/07\/logo_carre.png\",\"contentUrl\":\"https:\/\/leblog.prismemploi.eu\/wp-content\/uploads\/2021\/07\/logo_carre.png\",\"width\":512,\"height\":512,\"caption\":\"leBlog Prism'emploi\"},\"image\":{\"@id\":\"https:\/\/leblog.prismemploi.eu\/#\/schema\/logo\/image\/\"}},{\"@type\":\"Person\",\"@id\":\"https:\/\/leblog.prismemploi.eu\/#\/schema\/person\/c7e048b348cc1a40862de60fbe4a3bf6\",\"name\":\"Prism'emploi\",\"image\":{\"@type\":\"ImageObject\",\"inLanguage\":\"fr-FR\",\"@id\":\"https:\/\/leblog.prismemploi.eu\/#\/schema\/person\/image\/\",\"url\":\"https:\/\/leblog.prismemploi.eu\/wp-content\/uploads\/2021\/07\/logo_carre-96x96.png\",\"contentUrl\":\"https:\/\/leblog.prismemploi.eu\/wp-content\/uploads\/2021\/07\/logo_carre-96x96.png\",\"caption\":\"Prism'emploi\"},\"description\":\"Prism\u2019emploi - Professionnels du recrutement et de l\u2019int\u00e9rim - est l\u2019organisation professionnelle, qui regroupe plus de 600 entreprises de toutes tailles, pr\u00e9sentes sur l\u2019ensemble du territoire gr\u00e2ce \u00e0 leurs 10 000 agences d\u2019emploi.\",\"sameAs\":[\"http:\/\/prismemploi.eu\"],\"url\":\"https:\/\/leblog.prismemploi.eu\/index.php\/author\/leblogprismemploigmail-com\/\"}]}<\/script>\n<!-- \/ Yoast SEO plugin. -->","yoast_head_json":{"title":"Regards crois\u00e9s sur l'apprentissage - leBlog Prism&#039;emploi","description":"Sylvie Charri\u00e8re, d\u00e9put\u00e9 de Seine-Saint-Denis et Pascal Picault, pr\u00e9sident de la F\u00e9d\u00e9ration des directeurs de CFA-OFA (Fnadir), \u00e9changent sur la n\u00e9cessit\u00e9 d\u2019am\u00e9liorer la connaissance r\u00e9ciproque du monde de l\u2019entreprise et de l'univers \u00e9ducatif afin de parfaire les conditions de l\u2019apprentissage.","robots":{"index":"index","follow":"follow","max-snippet":"max-snippet:-1","max-image-preview":"max-image-preview:large","max-video-preview":"max-video-preview:-1"},"canonical":"https:\/\/leblog.prismemploi.eu\/index.php\/2022\/04\/19\/regards-croises-sur-lapprentissage\/","og_locale":"fr_FR","og_type":"article","og_title":"Regards crois\u00e9s sur l'apprentissage - leBlog Prism&#039;emploi","og_description":"Sylvie Charri\u00e8re, d\u00e9put\u00e9 de Seine-Saint-Denis et Pascal Picault, pr\u00e9sident de la F\u00e9d\u00e9ration des directeurs de CFA-OFA (Fnadir), \u00e9changent sur la n\u00e9cessit\u00e9 d\u2019am\u00e9liorer la connaissance r\u00e9ciproque du monde de l\u2019entreprise et de l'univers \u00e9ducatif afin de parfaire les conditions de l\u2019apprentissage.","og_url":"https:\/\/leblog.prismemploi.eu\/index.php\/2022\/04\/19\/regards-croises-sur-lapprentissage\/","og_site_name":"leBlog Prism&#039;emploi","article_published_time":"2022-04-19T12:50:19+00:00","article_modified_time":"2022-04-19T12:50:21+00:00","og_image":[{"width":1253,"height":836,"url":"https:\/\/leblog.prismemploi.eu\/wp-content\/uploads\/2022\/04\/iStock-1314969511.jpg","type":"image\/jpeg"}],"author":"Prism'emploi","twitter_card":"summary_large_image","twitter_misc":{"\u00c9crit par":"Prism'emploi","Dur\u00e9e de lecture estim\u00e9e":"7 minutes"},"schema":{"@context":"https:\/\/schema.org","@graph":[{"@type":"Article","@id":"https:\/\/leblog.prismemploi.eu\/index.php\/2022\/04\/19\/regards-croises-sur-lapprentissage\/#article","isPartOf":{"@id":"https:\/\/leblog.prismemploi.eu\/index.php\/2022\/04\/19\/regards-croises-sur-lapprentissage\/"},"author":{"name":"Prism'emploi","@id":"https:\/\/leblog.prismemploi.eu\/#\/schema\/person\/c7e048b348cc1a40862de60fbe4a3bf6"},"headline":"Regards crois\u00e9s sur l&rsquo;apprentissage","datePublished":"2022-04-19T12:50:19+00:00","dateModified":"2022-04-19T12:50:21+00:00","mainEntityOfPage":{"@id":"https:\/\/leblog.prismemploi.eu\/index.php\/2022\/04\/19\/regards-croises-sur-lapprentissage\/"},"wordCount":1372,"commentCount":0,"publisher":{"@id":"https:\/\/leblog.prismemploi.eu\/#organization"},"image":{"@id":"https:\/\/leblog.prismemploi.eu\/index.php\/2022\/04\/19\/regards-croises-sur-lapprentissage\/#primaryimage"},"thumbnailUrl":"https:\/\/leblog.prismemploi.eu\/wp-content\/uploads\/2022\/04\/iStock-1314969511.jpg","keywords":["#T\u00e9moignage"],"articleSection":["Focus Jeunes"],"inLanguage":"fr-FR","potentialAction":[{"@type":"CommentAction","name":"Comment","target":["https:\/\/leblog.prismemploi.eu\/index.php\/2022\/04\/19\/regards-croises-sur-lapprentissage\/#respond"]}]},{"@type":"WebPage","@id":"https:\/\/leblog.prismemploi.eu\/index.php\/2022\/04\/19\/regards-croises-sur-lapprentissage\/","url":"https:\/\/leblog.prismemploi.eu\/index.php\/2022\/04\/19\/regards-croises-sur-lapprentissage\/","name":"Regards crois\u00e9s sur l'apprentissage - leBlog Prism&#039;emploi","isPartOf":{"@id":"https:\/\/leblog.prismemploi.eu\/#website"},"primaryImageOfPage":{"@id":"https:\/\/leblog.prismemploi.eu\/index.php\/2022\/04\/19\/regards-croises-sur-lapprentissage\/#primaryimage"},"image":{"@id":"https:\/\/leblog.prismemploi.eu\/index.php\/2022\/04\/19\/regards-croises-sur-lapprentissage\/#primaryimage"},"thumbnailUrl":"https:\/\/leblog.prismemploi.eu\/wp-content\/uploads\/2022\/04\/iStock-1314969511.jpg","datePublished":"2022-04-19T12:50:19+00:00","dateModified":"2022-04-19T12:50:21+00:00","description":"Sylvie Charri\u00e8re, d\u00e9put\u00e9 de Seine-Saint-Denis et Pascal Picault, pr\u00e9sident de la F\u00e9d\u00e9ration des directeurs de CFA-OFA (Fnadir), \u00e9changent sur la n\u00e9cessit\u00e9 d\u2019am\u00e9liorer la connaissance r\u00e9ciproque du monde de l\u2019entreprise et de l'univers \u00e9ducatif afin de parfaire les conditions de l\u2019apprentissage.","breadcrumb":{"@id":"https:\/\/leblog.prismemploi.eu\/index.php\/2022\/04\/19\/regards-croises-sur-lapprentissage\/#breadcrumb"},"inLanguage":"fr-FR","potentialAction":[{"@type":"ReadAction","target":["https:\/\/leblog.prismemploi.eu\/index.php\/2022\/04\/19\/regards-croises-sur-lapprentissage\/"]}]},{"@type":"ImageObject","inLanguage":"fr-FR","@id":"https:\/\/leblog.prismemploi.eu\/index.php\/2022\/04\/19\/regards-croises-sur-lapprentissage\/#primaryimage","url":"https:\/\/leblog.prismemploi.eu\/wp-content\/uploads\/2022\/04\/iStock-1314969511.jpg","contentUrl":"https:\/\/leblog.prismemploi.eu\/wp-content\/uploads\/2022\/04\/iStock-1314969511.jpg","width":1253,"height":836,"caption":"Young trainees walking in office hallway and discussing ideas"},{"@type":"BreadcrumbList","@id":"https:\/\/leblog.prismemploi.eu\/index.php\/2022\/04\/19\/regards-croises-sur-lapprentissage\/#breadcrumb","itemListElement":[{"@type":"ListItem","position":1,"name":"Accueil","item":"https:\/\/leblog.prismemploi.eu\/"},{"@type":"ListItem","position":2,"name":"Regards crois\u00e9s sur l&rsquo;apprentissage"}]},{"@type":"WebSite","@id":"https:\/\/leblog.prismemploi.eu\/#website","url":"https:\/\/leblog.prismemploi.eu\/","name":"leBlog Prism'emploi","description":"Innovons pour l&#039;emploi","publisher":{"@id":"https:\/\/leblog.prismemploi.eu\/#organization"},"potentialAction":[{"@type":"SearchAction","target":{"@type":"EntryPoint","urlTemplate":"https:\/\/leblog.prismemploi.eu\/?s={search_term_string}"},"query-input":{"@type":"PropertyValueSpecification","valueRequired":true,"valueName":"search_term_string"}}],"inLanguage":"fr-FR"},{"@type":"Organization","@id":"https:\/\/leblog.prismemploi.eu\/#organization","name":"leBlog Prism'emploi","url":"https:\/\/leblog.prismemploi.eu\/","logo":{"@type":"ImageObject","inLanguage":"fr-FR","@id":"https:\/\/leblog.prismemploi.eu\/#\/schema\/logo\/image\/","url":"https:\/\/leblog.prismemploi.eu\/wp-content\/uploads\/2021\/07\/logo_carre.png","contentUrl":"https:\/\/leblog.prismemploi.eu\/wp-content\/uploads\/2021\/07\/logo_carre.png","width":512,"height":512,"caption":"leBlog Prism'emploi"},"image":{"@id":"https:\/\/leblog.prismemploi.eu\/#\/schema\/logo\/image\/"}},{"@type":"Person","@id":"https:\/\/leblog.prismemploi.eu\/#\/schema\/person\/c7e048b348cc1a40862de60fbe4a3bf6","name":"Prism'emploi","image":{"@type":"ImageObject","inLanguage":"fr-FR","@id":"https:\/\/leblog.prismemploi.eu\/#\/schema\/person\/image\/","url":"https:\/\/leblog.prismemploi.eu\/wp-content\/uploads\/2021\/07\/logo_carre-96x96.png","contentUrl":"https:\/\/leblog.prismemploi.eu\/wp-content\/uploads\/2021\/07\/logo_carre-96x96.png","caption":"Prism'emploi"},"description":"Prism\u2019emploi - Professionnels du recrutement et de l\u2019int\u00e9rim - est l\u2019organisation professionnelle, qui regroupe plus de 600 entreprises de toutes tailles, pr\u00e9sentes sur l\u2019ensemble du territoire gr\u00e2ce \u00e0 leurs 10 000 agences d\u2019emploi.","sameAs":["http:\/\/prismemploi.eu"],"url":"https:\/\/leblog.prismemploi.eu\/index.php\/author\/leblogprismemploigmail-com\/"}]}},"_links":{"self":[{"href":"https:\/\/leblog.prismemploi.eu\/index.php\/wp-json\/wp\/v2\/posts\/1162","targetHints":{"allow":["GET"]}}],"collection":[{"href":"https:\/\/leblog.prismemploi.eu\/index.php\/wp-json\/wp\/v2\/posts"}],"about":[{"href":"https:\/\/leblog.prismemploi.eu\/index.php\/wp-json\/wp\/v2\/types\/post"}],"author":[{"embeddable":true,"href":"https:\/\/leblog.prismemploi.eu\/index.php\/wp-json\/wp\/v2\/users\/3"}],"replies":[{"embeddable":true,"href":"https:\/\/leblog.prismemploi.eu\/index.php\/wp-json\/wp\/v2\/comments?post=1162"}],"version-history":[{"count":6,"href":"https:\/\/leblog.prismemploi.eu\/index.php\/wp-json\/wp\/v2\/posts\/1162\/revisions"}],"predecessor-version":[{"id":1170,"href":"https:\/\/leblog.prismemploi.eu\/index.php\/wp-json\/wp\/v2\/posts\/1162\/revisions\/1170"}],"wp:featuredmedia":[{"embeddable":true,"href":"https:\/\/leblog.prismemploi.eu\/index.php\/wp-json\/wp\/v2\/media\/1171"}],"wp:attachment":[{"href":"https:\/\/leblog.prismemploi.eu\/index.php\/wp-json\/wp\/v2\/media?parent=1162"}],"wp:term":[{"taxonomy":"category","embeddable":true,"href":"https:\/\/leblog.prismemploi.eu\/index.php\/wp-json\/wp\/v2\/categories?post=1162"},{"taxonomy":"post_tag","embeddable":true,"href":"https:\/\/leblog.prismemploi.eu\/index.php\/wp-json\/wp\/v2\/tags?post=1162"}],"curies":[{"name":"wp","href":"https:\/\/api.w.org\/{rel}","templated":true}]}}